{"id":1255530,"date":"2023-07-20T19:32:35","date_gmt":"2023-07-21T01:32:35","guid":{"rendered":"https:\/\/www.acapulcopress.com\/?p=1255530"},"modified":"2023-07-20T19:32:35","modified_gmt":"2023-07-21T01:32:35","slug":"reprocha-amlo-silencio-de-fch-respecto-a-garcia-luna","status":"publish","type":"post","link":"https:\/\/www.acapulcopress.com\/index.php\/2023\/07\/20\/reprocha-amlo-silencio-de-fch-respecto-a-garcia-luna\/","title":{"rendered":"Reprocha AMLO silencio de Calder\u00f3n sobre Genaro"},"content":{"rendered":"<p style=\"text-align: justify;\">CIUDAD DE M\u00c9XICO * Julio 20, 2023.<br \/>\n<em>) <a href=\"https:\/\/politico.mx\/amlo-reprocha-silencio-de-calderon-sobre-caso-garcia-luna\" target=\"_blank\" rel=\"noopener\">Pol\u00edticoMx<\/a><\/em><br \/>\nEl presidente <a href=\"https:\/\/www.facebook.com\/lopezobrador.org.mx\" target=\"_blank\" rel=\"noopener\">Andr\u00e9s Manuel L\u00f3pez Obrador<\/a> reproch\u00f3 el silencio del expresidente <a href=\"https:\/\/www.facebook.com\/FelipeCalderonH\" target=\"_blank\" rel=\"noopener\">Felipe Calder\u00f3n<\/a> en el caso que involucra a su exsecretario de Seguridad, Genaro Garc\u00eda Luna, el cual fue declarado culpable en Estados Unidos de tener nexos con el narcotr\u00e1fico.<\/p>\n<p style=\"text-align: justify;\">\u201cNo quiere ayudar Calder\u00f3n, prefiere guardar silencio. Deber\u00eda de hablar y decir que es falso todo y que fue un invento de Estados Unidos, de la Fiscal\u00eda de Estados Unidos y que no es cierto todo lo que se dice de Garc\u00eda Luna, defenderlo o decir: \u2018comet\u00ed un error, en pol\u00edtica los errores son como cr\u00edmenes y lo invent\u00e9 a participar y le di mi confianza y me enga\u00f1o, pero yo no supe\u2019 o \u2018como quiero ser buen cristiano y hablar con la verdad que es la que nos hace libres pues s\u00ed sab\u00eda yo y me arrepiento y me pongo a disposici\u00f3n de la justicia\u2019 que diga algo\u00bb, expres\u00f3 AMLO en su conferencia ma\u00f1anera.<\/p>\n<p style=\"text-align: justify;\">Expres\u00f3 que a su llegada al Gobierno Federal reiter\u00f3 que no habr\u00eda persecusi\u00f3n contra los expresidentes y solo se les investigar\u00eda si as\u00ed lo decid\u00eda la gente en una consulta popular. Record\u00f3 que si bien en la consulta que se realiz\u00f3 la mayor\u00eda de las personas pidi\u00f3 vot\u00f3 por que s\u00ed se investigara a expresidentes, el ejercicio no fue vinculante.<\/p>\n<p style=\"text-align: justify;\">Adem\u00e1s, expuso que el expresidente Calder\u00f3n aunque radica en Espa\u00f1a est\u00e1 muy pendiente de lo que ocurre en M\u00e9xico. En ese sentido reclam\u00f3 que hable de otros temas y no de Garc\u00eda Luna.<\/p>\n<p style=\"text-align: justify;\">\u00ab\u00c9l est\u00e1 en Espa\u00f1a pero est\u00e1 muy atento de lo que pasa en M\u00e9xico\u2026 no hace falta que venga aqu\u00ed, nom\u00e1s que escriba un texto o grabe un video, por qu\u00e9 el silencio o hablar de otras cosas, lamentablemente falleci\u00f3 una ni\u00f1a atrapada en un elevador y hasta con insultos y de otras cosas, pero de este tema que es central, silencio completamente\u201d, dijo AMLO.<br \/>\n<em>] S\u00edguenos en Facebook.com\/<a href=\"https:\/\/www.facebook.com\/acapulcopress\" target=\"_blank\" rel=\"noopener\">acapulcopress<\/a><\/em><\/p>\n","protected":false},"excerpt":{"rendered":"<p>CIUDAD DE M\u00c9XICO * Julio 20, 2023. ) Pol\u00edticoMx El presidente Andr\u00e9s Manuel L\u00f3pez Obrador reproch\u00f3 el silencio del expresidente Felipe Calder\u00f3n en el caso que involucra a su exsecretario de Seguridad, Genaro Garc\u00eda Luna, el cual fue declarado culpable en Estados Unidos de tener nexos con el narcotr\u00e1fico. \u201cNo quiere ayudar Calder\u00f3n, prefiere guardar&#8230;<\/p>\n","protected":false},"author":2,"featured_media":1255531,"comment_status":"closed","ping_status":"closed","sticky":false,"template":"","format":"standard","meta":{"footnotes":""},"categories":[1997],"tags":[3896,9131],"class_list":["post-1255530","post","type-post","status-publish","format-standard","has-post-thumbnail","hentry","category-noticias-destacadas","tag-andres-manuel-lopez-obrador","tag-genaro-garcia-luna"],"_links":{"self":[{"href":"https:\/\/www.acapulcopress.com\/index.php\/wp-json\/wp\/v2\/posts\/1255530","targetHints":{"allow":["GET"]}}],"collection":[{"href":"https:\/\/www.acapulcopress.com\/index.php\/wp-json\/wp\/v2\/posts"}],"about":[{"href":"https:\/\/www.acapulcopress.com\/index.php\/wp-json\/wp\/v2\/types\/post"}],"author":[{"embeddable":true,"href":"https:\/\/www.acapulcopress.com\/index.php\/wp-json\/wp\/v2\/users\/2"}],"replies":[{"embeddable":true,"href":"https:\/\/www.acapulcopress.com\/index.php\/wp-json\/wp\/v2\/comments?post=1255530"}],"version-history":[{"count":0,"href":"https:\/\/www.acapulcopress.com\/index.php\/wp-json\/wp\/v2\/posts\/1255530\/revisions"}],"wp:featuredmedia":[{"embeddable":true,"href":"https:\/\/www.acapulcopress.com\/index.php\/wp-json\/"}],"wp:attachment":[{"href":"https:\/\/www.acapulcopress.com\/index.php\/wp-json\/wp\/v2\/media?parent=1255530"}],"wp:term":[{"taxonomy":"category","embeddable":true,"href":"https:\/\/www.acapulcopress.com\/index.php\/wp-json\/wp\/v2\/categories?post=1255530"},{"taxonomy":"post_tag","embeddable":true,"href":"https:\/\/www.acapulcopress.com\/index.php\/wp-json\/wp\/v2\/tags?post=1255530"}],"curies":[{"name":"wp","href":"https:\/\/api.w.org\/{rel}","templated":true}]}}