{"id":1255539,"date":"2023-07-20T21:20:37","date_gmt":"2023-07-21T03:20:37","guid":{"rendered":"https:\/\/www.acapulcopress.com\/?p=1255539"},"modified":"2023-07-20T21:20:37","modified_gmt":"2023-07-21T03:20:37","slug":"denuncia-pan-ante-la-cidh-a-amlo-por-ataques-a-xochitl-galvez","status":"publish","type":"post","link":"https:\/\/www.acapulcopress.com\/index.php\/2023\/07\/20\/denuncia-pan-ante-la-cidh-a-amlo-por-ataques-a-xochitl-galvez\/","title":{"rendered":"Denuncia PAN ante la CIDH a AMLO por ataques a X\u00f3chitl G\u00e1lvez"},"content":{"rendered":"<p style=\"text-align: justify;\"><em>* Con sus mentiras, todos los d\u00edas, L\u00f3pez Obrador abusa de su poder en contra de ciudadanos, intelectuales, periodistas, acad\u00e9micos, contra todos aquellos que piensen distinto: <strong>Marko Cort\u00e9s<\/strong><\/em><br \/>\n<em>* Con sus acciones y sus palabras desde su espect\u00e1culo ma\u00f1anero, L\u00f3pez Obrador ataca la protecci\u00f3n de la honra, la reputaci\u00f3n personal, la vida privada y familiar;la protecci\u00f3n de la dignidad; el principio de legalidad, y la libertad de pensamiento y expresi\u00f3n: <strong>Cecilia Patr\u00f3n<\/strong><\/em><\/p>\n<p style=\"text-align: justify;\">CIUDAD DE M\u00c9XICO * Julio 20, 2023.<br \/>\n<em>) Especial<\/em><br \/>\nAcci\u00f3n Nacional present\u00f3 una denuncia ante la <em><a href=\"https:\/\/www.facebook.com\/CIDH.OEA\" target=\"_blank\" rel=\"noopener\">Comisi\u00f3n Interamericana de Derechos Humanos<\/a> (CIDH)<\/em> contra <a href=\"https:\/\/www.facebook.com\/lopezobrador.org.mx\" target=\"_blank\" rel=\"noopener\">Andr\u00e9s Manuel L\u00f3pez Obrador<\/a> por trasgredir los derechos humanos y pol\u00edticos, as\u00ed como la constante persecuci\u00f3n de los aspirantes del <em>Frente Amplio por M\u00e9xico,<\/em> en particular <a href=\"https:\/\/www.facebook.com\/Xochitl.Galvez.R\" target=\"_blank\" rel=\"noopener\">X\u00f3chitl G\u00e1lvez Ruiz<\/a>, <a href=\"https:\/\/www.facebook.com\/fgcabezadevaca\" target=\"_blank\" rel=\"noopener\">Francisco Garc\u00eda Cabeza de Vaca<\/a> y <a href=\"https:\/\/www.facebook.com\/SantiagoCreelM\" target=\"_blank\" rel=\"noopener\">Santiago CreelMiranda<\/a>.<\/p>\n<p style=\"text-align: justify;\">As\u00ed lo dio a conocer el presidente nacional del PAN, <a href=\"https:\/\/www.facebook.com\/MarkoCortesM\" target=\"_blank\" rel=\"noopener\">MarkoCort\u00e9s Mendoza<\/a>, junto con la secretaria general, <a href=\"https:\/\/www.facebook.com\/CeciliaPatronL\" target=\"_blank\" rel=\"noopener\">Cecilia Patr\u00f3n Laviada<\/a>, el coordinador general jur\u00eddico, Raymundo Bola\u00f1os y la secretaria de Promoci\u00f3n Pol\u00edtica de la Mujer, <a href=\"https:\/\/www.facebook.com\/LauraEsquivelTorres\" target=\"_blank\" rel=\"noopener\">Laura Esquivel<\/a>.<\/p>\n<p style=\"text-align: justify;\">\u201cCon sus mentiras, todos los d\u00edas, L\u00f3pez Obrador abusa de su poder en contra de ciudadanos, intelectuales, periodistas, acad\u00e9micos, contra todos aquellos que piensen distinto.<\/p>\n<p style=\"text-align: justify;\">L\u00f3pez Obrador abusa todos los d\u00edas, p\u00fablica y c\u00ednicamente, utilizando los medios p\u00fablicos y los medios afines al gobierno como un aparato de propaganda\u201d, se\u00f1al\u00f3 MarkoCort\u00e9s.<\/p>\n<p style=\"text-align: justify;\">Lo acusamos de utilizar la Unidad de Inteligencia Financiera, la Fiscal\u00eda General de la Rep\u00fablica y el aparato del Estado Mexicano en contra X\u00f3chitl G\u00e1lvez Ruiz, Santiago Creel Miranda, Francisco Garc\u00eda Cabeza de Vaca y otros participantes en la construcci\u00f3n del Frente Amplio por M\u00e9xico.<\/p>\n<p style=\"text-align: justify;\">En el caso de Cabeza de Vaca, las denuncias de car\u00e1cter pol\u00edtico ponen en riesgo permanente su libertad.<\/p>\n<p style=\"text-align: justify;\">Mientras que Creel ha sido en muchas ocasiones el centro de acusaciones falaces y calificativos sin sustento.<\/p>\n<p style=\"text-align: justify;\">En tanto que X\u00f3chitl G\u00e1lvez ha sido el centro de los ataques del Presidente, lanzando campa\u00f1as de desprestigio, y m\u00e1s grave a\u00fan, usando informaci\u00f3n confidencial -fiscal y hacendaria, que adem\u00e1s es falsa, y tergiversada- en su intento por da\u00f1arla.<\/p>\n<p style=\"text-align: justify;\">Por su parte, la secretaria general, Cecilia Patr\u00f3n Laviada, expres\u00f3 que con sus acciones y sus palabras desde su espect\u00e1culo ma\u00f1anero, L\u00f3pez Obrador ataca: la protecci\u00f3n de la honra, la reputaci\u00f3n personal, la vida privada y familiar; la protecci\u00f3n de la dignidad; el principio de legalidad, y la libertad de pensamiento y expresi\u00f3n.<\/p>\n<p style=\"text-align: justify;\">Por ello, dijo, Acci\u00f3n Nacional acudir\u00e1 a las instancias internacionales para denunciar los abusos de L\u00f3pez Obrador, porque lamentablemente aqu\u00ed en M\u00e9xico tanto la Fiscal\u00eda General de la Rep\u00fablica y la CNDH son brazos operadores del presidente con fines partidistas.<\/p>\n<p style=\"text-align: justify;\">\u201cConfiamos en que la CIDH a la brevedad emita una recomendaci\u00f3n al Estado Mexicano para la adopci\u00f3n de medidas que garanticen la protecci\u00f3n de los derechos humanos y que evite da\u00f1os irreparables, en contra de los derechos pol\u00edticos de los panistas o cualquier otro aspirante al Frente Amplio\u201d, finaliz\u00f3 Raymundo Bola\u00f1os.<\/p>\n<div style=\"width: 1160px;\" class=\"wp-video\"><video class=\"wp-video-shortcode\" id=\"video-1255539-1\" width=\"1160\" height=\"653\" preload=\"metadata\" controls=\"controls\"><source type=\"video\/mp4\" src=\"https:\/\/www.acapulcopress.com\/wp-content\/uploads\/2023\/07\/PAN-DENUNCIA-A-AMLO.mp4?_=1\" \/><a href=\"https:\/\/www.acapulcopress.com\/wp-content\/uploads\/2023\/07\/PAN-DENUNCIA-A-AMLO.mp4\">https:\/\/www.acapulcopress.com\/wp-content\/uploads\/2023\/07\/PAN-DENUNCIA-A-AMLO.mp4<\/a><\/video><\/div>\n<p style=\"text-align: justify;\"><em>] S\u00edguenos en Facebook.com\/<a href=\"https:\/\/www.facebook.com\/acapulcopress\" target=\"_blank\" rel=\"noopener\">acapulcopress<\/a><\/em><\/p>\n","protected":false},"excerpt":{"rendered":"<p>* Con sus mentiras, todos los d\u00edas, L\u00f3pez Obrador abusa de su poder en contra de ciudadanos, intelectuales, periodistas, acad\u00e9micos, contra todos aquellos que piensen distinto: Marko Cort\u00e9s * Con sus acciones y sus palabras desde su espect\u00e1culo ma\u00f1anero, L\u00f3pez Obrador ataca la protecci\u00f3n de la honra, la reputaci\u00f3n personal, la vida privada y familiar;la&#8230;<\/p>\n","protected":false},"author":2,"featured_media":1255540,"comment_status":"closed","ping_status":"closed","sticky":false,"template":"","format":"standard","meta":{"footnotes":""},"categories":[1969,1972,18565],"tags":[3896,8866,8929,12722,16038,18162],"class_list":["post-1255539","post","type-post","status-publish","format-standard","has-post-thumbnail","hentry","category-trending","category-special","category-politicos","tag-andres-manuel-lopez-obrador","tag-francisco-garcia-cabeza-de-vaca","tag-frente-amplio-por-mexico","tag-markocortes-mendoza","tag-santiago-creelmiranda","tag-xochitl-galvez-ruiz"],"_links":{"self":[{"href":"https:\/\/www.acapulcopress.com\/index.php\/wp-json\/wp\/v2\/posts\/1255539","targetHints":{"allow":["GET"]}}],"collection":[{"href":"https:\/\/www.acapulcopress.com\/index.php\/wp-json\/wp\/v2\/posts"}],"about":[{"href":"https:\/\/www.acapulcopress.com\/index.php\/wp-json\/wp\/v2\/types\/post"}],"author":[{"embeddable":true,"href":"https:\/\/www.acapulcopress.com\/index.php\/wp-json\/wp\/v2\/users\/2"}],"replies":[{"embeddable":true,"href":"https:\/\/www.acapulcopress.com\/index.php\/wp-json\/wp\/v2\/comments?post=1255539"}],"version-history":[{"count":0,"href":"https:\/\/www.acapulcopress.com\/index.php\/wp-json\/wp\/v2\/posts\/1255539\/revisions"}],"wp:featuredmedia":[{"embeddable":true,"href":"https:\/\/www.acapulcopress.com\/index.php\/wp-json\/"}],"wp:attachment":[{"href":"https:\/\/www.acapulcopress.com\/index.php\/wp-json\/wp\/v2\/media?parent=1255539"}],"wp:term":[{"taxonomy":"category","embeddable":true,"href":"https:\/\/www.acapulcopress.com\/index.php\/wp-json\/wp\/v2\/categories?post=1255539"},{"taxonomy":"post_tag","embeddable":true,"href":"https:\/\/www.acapulcopress.com\/index.php\/wp-json\/wp\/v2\/tags?post=1255539"}],"curies":[{"name":"wp","href":"https:\/\/api.w.org\/{rel}","templated":true}]}}