{"id":1255545,"date":"2023-07-20T22:09:55","date_gmt":"2023-07-21T04:09:55","guid":{"rendered":"https:\/\/www.acapulcopress.com\/?p=1255545"},"modified":"2023-07-20T22:09:55","modified_gmt":"2023-07-21T04:09:55","slug":"con-trabajo-y-sin-corrupcion-conquistaremos-la-paz-y-bienestar-de-guerrerenses-evelyn-salgado","status":"publish","type":"post","link":"https:\/\/www.acapulcopress.com\/index.php\/2023\/07\/20\/con-trabajo-y-sin-corrupcion-conquistaremos-la-paz-y-bienestar-de-guerrerenses-evelyn-salgado\/","title":{"rendered":"Con trabajo y sin corrupci\u00f3n conquistaremos la paz y bienestar de guerrerenses: Evelyn Salgado"},"content":{"rendered":"<p style=\"text-align: justify;\">CHILPANCINGO * Julio 20, 2023.<br \/>\n<em>) Gobierno de Guerrero<\/em><br \/>\nLa gobernadora <a href=\"https:\/\/www.facebook.com\/EvelynSalgadoP\" target=\"_blank\" rel=\"noopener\">Evelyn Salgado Pineda<\/a> coloc\u00f3 la primera piedra del inicio a la construcci\u00f3n <img loading=\"lazy\" decoding=\"async\" class=\"alignleft size-medium wp-image-1255554\" src=\"https:\/\/www.acapulcopress.com\/wp-content\/uploads\/2023\/07\/ESP.GN5_-375x250.jpg\" alt=\"\" width=\"375\" height=\"250\" \/>de las instalaciones de la Coordinaci\u00f3n Estatal de la Guardia Nacional en Guerrero que representa un monto de inversi\u00f3n superior a los 450 millones de pesos, para consolidar la infraestructura de esta instituci\u00f3n y fortalecer las condiciones de paz y seguridad de las y los guerrerenses.<\/p>\n<p style=\"text-align: justify;\">En su mensaje, la mandataria estatal reconoci\u00f3 el apoyo y acompa\u00f1amiento de la Guardia Nacional en la estrategia de seguridad en Guerrero y puntualiz\u00f3 que esta instituci\u00f3n se ha logrado posicionar como una corporaci\u00f3n efectiva, recibiendo la confianza del pueblo de Guerrero y de M\u00e9xico por la correcta actuaci\u00f3n en beneficio de los pueblos.<\/p>\n<p style=\"text-align: justify;\">Adem\u00e1s, la titular del Poder Ejecutivo en Guerrero, subray\u00f3 que la Guardia Nacional al igual que las fuerzas armadas son una pieza clave para territorializar la estrategia de seguridad y <img loading=\"lazy\" decoding=\"async\" class=\"alignleft size-medium wp-image-1255556\" src=\"https:\/\/www.acapulcopress.com\/wp-content\/uploads\/2023\/07\/ESP.GN7_-375x250.jpg\" alt=\"\" width=\"375\" height=\"250\" \/>de construcci\u00f3n de paz, delineada por el Presidente de la Rep\u00fablica Andr\u00e9s Manuel L\u00f3pez Obrador.<\/p>\n<p style=\"text-align: justify;\">\u00abDesde un inicio hemos impulsado esta estrategia para combatir las causas que originan la violencia; la coordinaci\u00f3n, di\u00e1logo absoluto y permanente, entre todas las instituciones, es la clave de la pacificaci\u00f3n para Guerrero y para M\u00e9xico\u00bb, afirm\u00f3 la gobernadora.<\/p>\n<p style=\"text-align: justify;\">La mandataria estatal estuvo acompa\u00f1ada por mandos de militares y navales, as\u00ed como por el Coordinador Estatal de la Guardia Nacional en Guerrero, Andr\u00e9s Ram\u00edrez Xochicalli, as\u00ed como de integrantes de la Mesa de Coordinaci\u00f3n para la Construcci\u00f3n de la Paz, de manera simb\u00f3lica coloc\u00f3 la primera piedra de la obra que concluir\u00e1 en abril del 2024.<\/p>\n<p style=\"text-align: justify;\"><img loading=\"lazy\" decoding=\"async\" class=\"alignleft size-medium wp-image-1255561\" src=\"https:\/\/www.acapulcopress.com\/wp-content\/uploads\/2023\/07\/ESP.GN13-375x250.jpg\" alt=\"\" width=\"375\" height=\"250\" \/>En una superficie de 10 hect\u00e1reas de un predio donado por el gobierno del estado en las inmediaciones del Parque Industrial El Ocotito, ser\u00e1 construida la Coordinaci\u00f3n Estatal de la Guardia Nacional en Guerrero que integrar\u00e1 la edificaci\u00f3n de m\u00e1s de 40 edificios, dos comandancias, con una inversi\u00f3n de m\u00e1s de 450 millones de pesos.<\/p>\n<p style=\"text-align: justify;\">Adem\u00e1s, tendr\u00e1 alojamiento con capacidad de 773 elementos, dos comedores, estacionamiento para 248 veh\u00edculos, dos edificios para atenci\u00f3n m\u00e9dica, tres plantas tratadoras de aguas residuales, cuatro aulas acad\u00e9micas, as\u00ed como dep\u00f3sitos de armamento, informes, \u00e1reas deportivas y un helipuerto, generando m\u00e1s de 600 empleos en su proceso de construcci\u00f3n.<\/p>\n<p style=\"text-align: justify;\">En Guerrero, dijo el Coordinador Estatal, Andr\u00e9s Ram\u00edrez, la fuerza de seguridad de la <img loading=\"lazy\" decoding=\"async\" class=\"alignleft size-medium wp-image-1255552\" src=\"https:\/\/www.acapulcopress.com\/wp-content\/uploads\/2023\/07\/ESP.GN3_-375x250.jpg\" alt=\"\" width=\"375\" height=\"250\" \/>Guardia Nacional dispone en Guerrero de 4 mil 100 efectivos, mientras que en infraestructura en todo el estado se han construido 13 compa\u00f1\u00edas, mientras que en construcci\u00f3n se encuentra la coordinaci\u00f3n estatal, tres coordinaciones de batall\u00f3n y siete compa\u00f1\u00edas, adem\u00e1s, se tienen proyectadas una coordinaci\u00f3n y seis compa\u00f1\u00edas.<\/p>\n<p style=\"text-align: justify;\">Asistieron al evento el comandante de la Novena Regi\u00f3n Militar, Ricardo Flores Gonz\u00e1lez; la diputada presidenta de la Mesa Directiva del Congreso del Estado, Yanelly Hern\u00e1ndez Mart\u00ednez; la Presidenta de la JUCOPO, Yoloczin Dom\u00ednguez Serna; la Fiscal General del Estado, Sandra Luz Valdovinos Salmer\u00f3n; el Comandante de la 35 Zona Militar, Enrique Mart\u00ednez L\u00f3pez, entre otros funcionarios, as\u00ed como mandos de SEDENA, Marina, oficiales y tropa de las fuerzas\u00a0armadas.<br \/>\n] S\u00edguenos en Facebook.com\/acapulcopress<br \/>\n] S\u00edguenos en ) acapulcopress.com<\/p>\n<p style=\"text-align: justify;\">https:\/\/www.facebook.com\/acapulcopress<\/p>\n","protected":false},"excerpt":{"rendered":"<p>CHILPANCINGO * Julio 20, 2023. ) Gobierno de Guerrero La gobernadora Evelyn Salgado Pineda coloc\u00f3 la primera piedra del inicio a la construcci\u00f3n de las instalaciones de la Coordinaci\u00f3n Estatal de la Guardia Nacional en Guerrero que representa un monto de inversi\u00f3n superior a los 450 millones de pesos, para consolidar la infraestructura de esta&#8230;<\/p>\n","protected":false},"author":2,"featured_media":1255551,"comment_status":"closed","ping_status":"closed","sticky":false,"template":"","format":"standard","meta":{"footnotes":""},"categories":[1983,18561],"tags":[8251,9532],"class_list":["post-1255545","post","type-post","status-publish","format-standard","has-post-thumbnail","hentry","category-guerrerogob","category-society-politics","tag-evelyn-salgado-pineda","tag-guardia-nacional"],"_links":{"self":[{"href":"https:\/\/www.acapulcopress.com\/index.php\/wp-json\/wp\/v2\/posts\/1255545","targetHints":{"allow":["GET"]}}],"collection":[{"href":"https:\/\/www.acapulcopress.com\/index.php\/wp-json\/wp\/v2\/posts"}],"about":[{"href":"https:\/\/www.acapulcopress.com\/index.php\/wp-json\/wp\/v2\/types\/post"}],"author":[{"embeddable":true,"href":"https:\/\/www.acapulcopress.com\/index.php\/wp-json\/wp\/v2\/users\/2"}],"replies":[{"embeddable":true,"href":"https:\/\/www.acapulcopress.com\/index.php\/wp-json\/wp\/v2\/comments?post=1255545"}],"version-history":[{"count":0,"href":"https:\/\/www.acapulcopress.com\/index.php\/wp-json\/wp\/v2\/posts\/1255545\/revisions"}],"wp:featuredmedia":[{"embeddable":true,"href":"https:\/\/www.acapulcopress.com\/index.php\/wp-json\/"}],"wp:attachment":[{"href":"https:\/\/www.acapulcopress.com\/index.php\/wp-json\/wp\/v2\/media?parent=1255545"}],"wp:term":[{"taxonomy":"category","embeddable":true,"href":"https:\/\/www.acapulcopress.com\/index.php\/wp-json\/wp\/v2\/categories?post=1255545"},{"taxonomy":"post_tag","embeddable":true,"href":"https:\/\/www.acapulcopress.com\/index.php\/wp-json\/wp\/v2\/tags?post=1255545"}],"curies":[{"name":"wp","href":"https:\/\/api.w.org\/{rel}","templated":true}]}}