{"id":1255565,"date":"2023-07-21T09:13:21","date_gmt":"2023-07-21T15:13:21","guid":{"rendered":"https:\/\/www.acapulcopress.com\/?p=1255565"},"modified":"2023-07-21T09:13:21","modified_gmt":"2023-07-21T15:13:21","slug":"procesan-a-asesino-de-stich-perrito-callejero-golpeado-por-robar-un-pan","status":"publish","type":"post","link":"https:\/\/www.acapulcopress.com\/index.php\/2023\/07\/21\/procesan-a-asesino-de-stich-perrito-callejero-golpeado-por-robar-un-pan\/","title":{"rendered":"Procesan a asesino de &#8216;Stich&#8217;, perrito callejero golpeado por robar un pan"},"content":{"rendered":"<p style=\"text-align: justify;\">CHILPANCINGO * Julio 20, 2023.<br \/>\n<em>) Gobierno de Guerrero<\/em><br \/>\nDerivado del acompa\u00f1amiento y asesor\u00eda legal que otorg\u00f3 la secretar\u00eda del Medio Ambiente y Recursos Naturales, este d\u00eda un juez de control vincul\u00f3 a proceso a Francisco &#8216;N&#8217;, due\u00f1o <img loading=\"lazy\" decoding=\"async\" class=\"alignleft size-medium wp-image-1255569\" src=\"https:\/\/www.acapulcopress.com\/wp-content\/uploads\/2023\/07\/stich3-375x220.jpg\" alt=\"\" width=\"375\" height=\"220\" \/>de la panader\u00eda \u00abDon Pancho\u00bb, imputado por el delito de maltrato animal en contra del perrito callejero Stich, hechos ocurridos en la capital de Guerrero el pasado 28 de abril; las lesiones inferidas al animal fueron de tal gravedad que derivaron en su muerte d\u00edas despu\u00e9s.<\/p>\n<p style=\"text-align: justify;\">Las protectoras de animales que se encargaban de alimentar al perrito iniciaron la denuncia ante la Fiscal\u00eda General de Justicia del Estado y gracias al trabajo del Ministerio P\u00fablico especializado que logr\u00f3 aportar los elementos necesarios, se logr\u00f3 por primera vez la judicializaci\u00f3n de un caso de maltrato animal cuya sanci\u00f3n penal va de los seis meses a los cuatro a\u00f1os de c\u00e1rcel y una multa econ\u00f3mica de 30 mil hasta 110 mil pesos, de acuerdo a lo establecido en la ley 491 de bienestar animal promulgada desde diciembre de 2014.<\/p>\n<p style=\"text-align: justify;\">Este caso es el segundo que obtiene resultados favorables derivado del acompa\u00f1amiento que se otorga a trav\u00e9s del \u00e1rea de Bienestar Animal de la Semaren, creada en este gobierno; en noviembre del a\u00f1o pasado se asesor\u00f3 y acompa\u00f1\u00f3 a la due\u00f1a de la gata Jane en Tixtla, debido a que su animalito fue envenenado por su vecino y en cuyo caso se lleg\u00f3 a un acuerdo resarcitorio con el pago de 25 mil pesos de indemnizaci\u00f3n, con lo que se concluy\u00f3 el proceso legal.<\/p>\n<p style=\"text-align: justify;\">Sin embargo, por la crueldad y gravedad de los hechos que causaron la muerte al perrito Stich, fue necesaria la denuncia ante la FGE que logr\u00f3 la vinculaci\u00f3n a proceso del imputado a quien se le dictaron medidas cautelares que lo obligan a firmar cada cierto tiempo y le proh\u00edbe salir del pa\u00eds, en tanto se cumple los 60 d\u00edas para ampliar la investigaci\u00f3n que es el pr\u00f3ximo 20 de septiembre en los que se celebrar\u00e1 una segunda audiencia ante el juez\u00a0de\u00a0la\u00a0causa.<\/p>\n<div style=\"width: 432px;\" class=\"wp-video\"><video class=\"wp-video-shortcode\" id=\"video-1255565-1\" width=\"432\" height=\"768\" preload=\"metadata\" controls=\"controls\"><source type=\"video\/mp4\" src=\"https:\/\/www.acapulcopress.com\/wp-content\/uploads\/2023\/07\/STICH-perrito-callejero.mp4?_=1\" \/><a href=\"https:\/\/www.acapulcopress.com\/wp-content\/uploads\/2023\/07\/STICH-perrito-callejero.mp4\">https:\/\/www.acapulcopress.com\/wp-content\/uploads\/2023\/07\/STICH-perrito-callejero.mp4<\/a><\/video><\/div>\n<p style=\"text-align: justify;\"><em>] S\u00edguenos en Facebook.com\/<a href=\"https:\/\/www.facebook.com\/acapulcopress\" target=\"_blank\" rel=\"noopener\">acapulcopress<\/a><\/em><\/p>\n","protected":false},"excerpt":{"rendered":"<p>CHILPANCINGO * Julio 20, 2023. ) Gobierno de Guerrero Derivado del acompa\u00f1amiento y asesor\u00eda legal que otorg\u00f3 la secretar\u00eda del Medio Ambiente y Recursos Naturales, este d\u00eda un juez de control vincul\u00f3 a proceso a Francisco &#8216;N&#8217;, due\u00f1o de la panader\u00eda \u00abDon Pancho\u00bb, imputado por el delito de maltrato animal en contra del perrito callejero&#8230;<\/p>\n","protected":false},"author":2,"featured_media":1255567,"comment_status":"closed","ping_status":"closed","sticky":false,"template":"","format":"standard","meta":{"footnotes":""},"categories":[1972,2066,1988],"tags":[14187,14511],"class_list":["post-1255565","post","type-post","status-publish","format-standard","has-post-thumbnail","hentry","category-special","category-habitat-salvaje","category-lifestyles","tag-panaderia-don-pancho-chilpancingo","tag-perrito-callejero-stich"],"_links":{"self":[{"href":"https:\/\/www.acapulcopress.com\/index.php\/wp-json\/wp\/v2\/posts\/1255565","targetHints":{"allow":["GET"]}}],"collection":[{"href":"https:\/\/www.acapulcopress.com\/index.php\/wp-json\/wp\/v2\/posts"}],"about":[{"href":"https:\/\/www.acapulcopress.com\/index.php\/wp-json\/wp\/v2\/types\/post"}],"author":[{"embeddable":true,"href":"https:\/\/www.acapulcopress.com\/index.php\/wp-json\/wp\/v2\/users\/2"}],"replies":[{"embeddable":true,"href":"https:\/\/www.acapulcopress.com\/index.php\/wp-json\/wp\/v2\/comments?post=1255565"}],"version-history":[{"count":0,"href":"https:\/\/www.acapulcopress.com\/index.php\/wp-json\/wp\/v2\/posts\/1255565\/revisions"}],"wp:featuredmedia":[{"embeddable":true,"href":"https:\/\/www.acapulcopress.com\/index.php\/wp-json\/"}],"wp:attachment":[{"href":"https:\/\/www.acapulcopress.com\/index.php\/wp-json\/wp\/v2\/media?parent=1255565"}],"wp:term":[{"taxonomy":"category","embeddable":true,"href":"https:\/\/www.acapulcopress.com\/index.php\/wp-json\/wp\/v2\/categories?post=1255565"},{"taxonomy":"post_tag","embeddable":true,"href":"https:\/\/www.acapulcopress.com\/index.php\/wp-json\/wp\/v2\/tags?post=1255565"}],"curies":[{"name":"wp","href":"https:\/\/api.w.org\/{rel}","templated":true}]}}