{"id":1255580,"date":"2023-07-21T18:20:00","date_gmt":"2023-07-22T00:20:00","guid":{"rendered":"https:\/\/www.acapulcopress.com\/?p=1255580"},"modified":"2023-07-21T18:20:00","modified_gmt":"2023-07-22T00:20:00","slug":"celebra-gobernadora-el-dia-del-personal-de-apoyo-y-asistencia-a-la-educacion-basica","status":"publish","type":"post","link":"https:\/\/www.acapulcopress.com\/index.php\/2023\/07\/21\/celebra-gobernadora-el-dia-del-personal-de-apoyo-y-asistencia-a-la-educacion-basica\/","title":{"rendered":"Celebra Gobernadora el \u00abD\u00eda del Personal de Apoyo y Asistencia a la Educaci\u00f3n B\u00e1sica\u00bb"},"content":{"rendered":"<p style=\"text-align: justify;\"><em>* 923 trabajadores de apoyo y asistencia a la educaci\u00f3n b\u00e1sica recibieron el premio \u201cGeneral Vicente Guerrero\u201d por su trayectoria de servicio<\/em><br \/>\n<strong><em>* Se compromete Evelyn Salgado a seguir tocando puertas en beneficio de los trabajadores de la educaci\u00f3n<\/em><\/strong><br \/>\n<em>* Destaca la entrega del Programa Estatal de Carrera Administrativa en 2022, con inversi\u00f3n de m\u00e1s de 7.2 millones de pesos anualizados para 496 trabajadores<\/em><\/p>\n<p style=\"text-align: justify;\">ACAPULCO * Julio 21, 2023.<br \/>\n<em>) Gobierno de Guerrero<\/em><br \/>\n\u201cLa gran revoluci\u00f3n educativa ser\u00e1 sin duda el legado que vamos a dejar para el futuro de <img loading=\"lazy\" decoding=\"async\" class=\"alignleft size-medium wp-image-1255592\" src=\"https:\/\/www.acapulcopress.com\/wp-content\/uploads\/2023\/07\/evelyn.educacion12-375x250.jpg\" alt=\"\" width=\"375\" height=\"250\" \/>Guerrero, el legado de desarrollo, el legado de paz, de bienestar y de progreso\u201d, resalt\u00f3 la gobernadora<a href=\"https:\/\/www.facebook.com\/EvelynSalgadoP\" target=\"_blank\" rel=\"noopener\"> Evelyn Salgado Pineda<\/a> al encabezar la celebraci\u00f3n del <em>D\u00eda del Personal de Apoyo y Asistencia a la Educaci\u00f3n B\u00e1sica,<\/em> evento realizado en Acapulco al cual asisti\u00f3 el titular de la Secretar\u00eda de Educaci\u00f3n Guerrero (SEG), Marcial Rodr\u00edguez Salda\u00f1a.<\/p>\n<p style=\"text-align: justify;\">En un ambiente de m\u00fasica y fiesta, la mandataria estatal refrend\u00f3 su compromiso para continuar tocando puertas en beneficio del magisterio guerrerense, \u201ctenemos el compromiso absoluto de acompa\u00f1ar su trabajo y respaldo con acciones contundentes, como la entrega del programa estatal de carrera administrativa, que nos permiti\u00f3 para el ciclo 2022, lograr un aumento real en el salario base para este sector educativo\u201d, indic\u00f3 la <img loading=\"lazy\" decoding=\"async\" class=\"alignleft size-medium wp-image-1255590\" src=\"https:\/\/www.acapulcopress.com\/wp-content\/uploads\/2023\/07\/evelyn.educacion10-375x250.jpg\" alt=\"\" width=\"375\" height=\"250\" \/>mandataria, destacando la inversi\u00f3n de 7 millones 238 mil 566 pesos anualizados para 496 trabajadores que fueron aprobados a trav\u00e9s de diversos criterios, y mencion\u00f3 que este a\u00f1o son mil 247 trabajadores los que aspiran lograr este est\u00edmulo econ\u00f3mico.<\/p>\n<p style=\"text-align: justify;\">\u201cEn todas las regiones de nuestro estado, en cada comunidad, en cada municipio, el personal educativo y el gobierno del estado vamos codo a codo construyendo la transformaci\u00f3n, sin dejar a nadie atr\u00e1s, y sin dejar a nadie fuera\u201d, resalt\u00f3 la gobernadora Evelyn Salgado previo a la entrega del premio General Vicente Guerrero para 923 trabajadores de apoyo y asistencia a la educaci\u00f3n b\u00e1sica, por su trayectoria de 25 a 45 a\u00f1os de servicio.<\/p>\n<p style=\"text-align: justify;\">\u201cLe agradecemos a nuestra gobernadora el hacerles patente este merecido reconocimiento. <img loading=\"lazy\" decoding=\"async\" class=\"alignleft size-medium wp-image-1255589\" src=\"https:\/\/www.acapulcopress.com\/wp-content\/uploads\/2023\/07\/evelyn.educacion9-375x250.jpg\" alt=\"\" width=\"375\" height=\"250\" \/>Por ello le reiteramos, estimada gobernadora, que tenemos la certeza que trabajando de manera conjunta seguiremos obteniendo los mejores resultados por el bien de la educaci\u00f3n de Guerrero\u201d, mencion\u00f3 en su participaci\u00f3n el secretario de la secci\u00f3n 14 del Sindicato Nacional de Trabajadores de la Educaci\u00f3n (SNTE), Silvano Palacios Salgado.<\/p>\n<p style=\"text-align: justify;\">Al evento acudi\u00f3 como invitado de honor, el secretario general del Sindicato Nacional de Trabajadores de la Educaci\u00f3n (SNTE), Alfonso Cepeda Salas, y el secretario de Finanzas y Administraci\u00f3n estatal, Raymundo Segura Estrada, entre otros.<\/p>\n<p style=\"text-align: justify;\"><img loading=\"lazy\" decoding=\"async\" class=\"alignnone wp-image-1255584 size-large\" src=\"https:\/\/www.acapulcopress.com\/wp-content\/uploads\/2023\/07\/evelyn.educacion4-840x559.jpg\" alt=\"\" width=\"696\" height=\"463\" \/><\/p>\n<p style=\"text-align: justify;\"><em>] S\u00edguenos en Facebook.com\/<a href=\"https:\/\/www.facebook.com\/acapulcopress\" target=\"_blank\" rel=\"noopener\">acapulcopress<\/a><\/em><\/p>\n","protected":false},"excerpt":{"rendered":"<p>* 923 trabajadores de apoyo y asistencia a la educaci\u00f3n b\u00e1sica recibieron el premio \u201cGeneral Vicente Guerrero\u201d por su trayectoria de servicio * Se compromete Evelyn Salgado a seguir tocando puertas en beneficio de los trabajadores de la educaci\u00f3n * Destaca la entrega del Programa Estatal de Carrera Administrativa en 2022, con inversi\u00f3n de m\u00e1s&#8230;<\/p>\n","protected":false},"author":2,"featured_media":1255582,"comment_status":"closed","ping_status":"closed","sticky":false,"template":"","format":"standard","meta":{"footnotes":""},"categories":[1972,1983,18561],"tags":[7206,8251],"class_list":["post-1255580","post","type-post","status-publish","format-standard","has-post-thumbnail","hentry","category-special","category-guerrerogob","category-society-politics","tag-dia-del-personal-de-apoyo-y-asistencia-a-la-educacion-basica","tag-evelyn-salgado-pineda"],"_links":{"self":[{"href":"https:\/\/www.acapulcopress.com\/index.php\/wp-json\/wp\/v2\/posts\/1255580","targetHints":{"allow":["GET"]}}],"collection":[{"href":"https:\/\/www.acapulcopress.com\/index.php\/wp-json\/wp\/v2\/posts"}],"about":[{"href":"https:\/\/www.acapulcopress.com\/index.php\/wp-json\/wp\/v2\/types\/post"}],"author":[{"embeddable":true,"href":"https:\/\/www.acapulcopress.com\/index.php\/wp-json\/wp\/v2\/users\/2"}],"replies":[{"embeddable":true,"href":"https:\/\/www.acapulcopress.com\/index.php\/wp-json\/wp\/v2\/comments?post=1255580"}],"version-history":[{"count":0,"href":"https:\/\/www.acapulcopress.com\/index.php\/wp-json\/wp\/v2\/posts\/1255580\/revisions"}],"wp:featuredmedia":[{"embeddable":true,"href":"https:\/\/www.acapulcopress.com\/index.php\/wp-json\/"}],"wp:attachment":[{"href":"https:\/\/www.acapulcopress.com\/index.php\/wp-json\/wp\/v2\/media?parent=1255580"}],"wp:term":[{"taxonomy":"category","embeddable":true,"href":"https:\/\/www.acapulcopress.com\/index.php\/wp-json\/wp\/v2\/categories?post=1255580"},{"taxonomy":"post_tag","embeddable":true,"href":"https:\/\/www.acapulcopress.com\/index.php\/wp-json\/wp\/v2\/tags?post=1255580"}],"curies":[{"name":"wp","href":"https:\/\/api.w.org\/{rel}","templated":true}]}}