{"id":1255599,"date":"2023-07-21T20:29:52","date_gmt":"2023-07-22T02:29:52","guid":{"rendered":"https:\/\/www.acapulcopress.com\/?p=1255599"},"modified":"2023-07-21T20:29:52","modified_gmt":"2023-07-22T02:29:52","slug":"no-es-tiempo-para-debates-dice-xochitl-a-marcelo","status":"publish","type":"post","link":"https:\/\/www.acapulcopress.com\/index.php\/2023\/07\/21\/no-es-tiempo-para-debates-dice-xochitl-a-marcelo\/","title":{"rendered":"A\u00fan no es tiempo para debates, dice X\u00f3chitl a Marcelo"},"content":{"rendered":"<p style=\"text-align: justify;\">CIUDAD DE M\u00c9XICO * Julio 21, 2023.<br \/>\n<em>) Forbes M\u00e9xico<br \/>\n<\/em>Luego de que el morenista <a href=\"https:\/\/www.facebook.com\/MarceloEbrardC\" target=\"_blank\" rel=\"noopener\">Marcelo Ebrard<\/a> ret\u00f3 a <a href=\"https:\/\/www.facebook.com\/Xochitl.Galvez.R\" target=\"_blank\" rel=\"noopener\">X\u00f3chitl G\u00e1lvez<\/a> a debatir sobre seguridad, la senadora por el PAN rechaz\u00f3 la propuesta pues dijo que todav\u00eda no es tiempo.<\/p>\n<p style=\"text-align: justify;\">\u201cEstimado Ebrard, vi tu invitaci\u00f3n a un debate, pero no es el tiempo. Yo estoy centrada en ser la responsable de la construcci\u00f3n del <em>#FrenteAmplioPorM\u00e9xico<\/em>. Suerte en tu proceso, veo los dados cargados\u201d, dijo en su cuenta de Twitter.<\/p>\n<p style=\"text-align: justify;\">El excanciller ha insistido a Morena que haya debates entre los aspirantes a coordinar los Comit\u00e9s de Defensa de la Cuarta Transformaci\u00f3n, sin embargo, el partido se ha negado, por lo que ahora le propuso a la senadora X\u00f3chitl G\u00e1lvez, y quien tambi\u00e9n busca la candidatura presidencial, a que debatan.<\/p>\n<p style=\"text-align: justify;\">\u201cCon X\u00f3chitl, si ella resulta ser la candidata del Frente que representa, que yo veo que es mucho de reinstalar o defender las pol\u00edticas de anta\u00f1o, pues vamos a debatir, claro que s\u00ed. Con respeto, considerando que es una dama, igual que lo es Claudia\u201d, declar\u00f3 ayer en Quer\u00e9taro.<\/p>\n<p style=\"text-align: justify;\"><em>] S\u00edguenos en Facebook.com\/<a href=\"https:\/\/www.facebook.com\/acapulcopress\" target=\"_blank\" rel=\"noopener\">acapulcopress<\/a><\/em><\/p>\n","protected":false},"excerpt":{"rendered":"<p>CIUDAD DE M\u00c9XICO * Julio 21, 2023. ) Forbes M\u00e9xico Luego de que el morenista Marcelo Ebrard ret\u00f3 a X\u00f3chitl G\u00e1lvez a debatir sobre seguridad, la senadora por el PAN rechaz\u00f3 la propuesta pues dijo que todav\u00eda no es tiempo. \u201cEstimado Ebrard, vi tu invitaci\u00f3n a un debate, pero no es el tiempo. Yo estoy&#8230;<\/p>\n","protected":false},"author":2,"featured_media":1255600,"comment_status":"closed","ping_status":"closed","sticky":false,"template":"","format":"standard","meta":{"footnotes":""},"categories":[1997],"tags":[2706,12448,18162],"class_list":["post-1255599","post","type-post","status-publish","format-standard","has-post-thumbnail","hentry","category-noticias-destacadas","tag-frenteampliopormexico","tag-marcelo-ebrard-casaubon","tag-xochitl-galvez-ruiz"],"_links":{"self":[{"href":"https:\/\/www.acapulcopress.com\/index.php\/wp-json\/wp\/v2\/posts\/1255599","targetHints":{"allow":["GET"]}}],"collection":[{"href":"https:\/\/www.acapulcopress.com\/index.php\/wp-json\/wp\/v2\/posts"}],"about":[{"href":"https:\/\/www.acapulcopress.com\/index.php\/wp-json\/wp\/v2\/types\/post"}],"author":[{"embeddable":true,"href":"https:\/\/www.acapulcopress.com\/index.php\/wp-json\/wp\/v2\/users\/2"}],"replies":[{"embeddable":true,"href":"https:\/\/www.acapulcopress.com\/index.php\/wp-json\/wp\/v2\/comments?post=1255599"}],"version-history":[{"count":0,"href":"https:\/\/www.acapulcopress.com\/index.php\/wp-json\/wp\/v2\/posts\/1255599\/revisions"}],"wp:featuredmedia":[{"embeddable":true,"href":"https:\/\/www.acapulcopress.com\/index.php\/wp-json\/"}],"wp:attachment":[{"href":"https:\/\/www.acapulcopress.com\/index.php\/wp-json\/wp\/v2\/media?parent=1255599"}],"wp:term":[{"taxonomy":"category","embeddable":true,"href":"https:\/\/www.acapulcopress.com\/index.php\/wp-json\/wp\/v2\/categories?post=1255599"},{"taxonomy":"post_tag","embeddable":true,"href":"https:\/\/www.acapulcopress.com\/index.php\/wp-json\/wp\/v2\/tags?post=1255599"}],"curies":[{"name":"wp","href":"https:\/\/api.w.org\/{rel}","templated":true}]}}