{"id":1255603,"date":"2023-07-21T20:52:09","date_gmt":"2023-07-22T02:52:09","guid":{"rendered":"https:\/\/www.acapulcopress.com\/?p=1255603"},"modified":"2023-07-21T20:52:09","modified_gmt":"2023-07-22T02:52:09","slug":"xochitl-galvez-se-ampara-contra-senalamientos-de-amlo-en-sus-mananeras","status":"publish","type":"post","link":"https:\/\/www.acapulcopress.com\/index.php\/2023\/07\/21\/xochitl-galvez-se-ampara-contra-senalamientos-de-amlo-en-sus-mananeras\/","title":{"rendered":"X\u00f3chitl G\u00e1lvez se ampara contra se\u00f1alamientos de AMLO en sus &#8216;ma\u00f1aneras&#8217;"},"content":{"rendered":"<p style=\"text-align: justify;\">CIUDAD DE M\u00c9XICO * Julio 21, 2023.<br \/>\n<em>) <a href=\"https:\/\/politica.expansion.mx\/elecciones\/2023\/07\/21\/xochitl-galvez-se-ampara-en-contra-de-dichos-de-amlo-en-la-mananera\" target=\"_blank\" rel=\"noopener\">Expansi\u00f3n Pol\u00edtica<\/a><\/em><br \/>\nLa senadora <a href=\"https:\/\/www.facebook.com\/Xochitl.Galvez.R\" target=\"_blank\" rel=\"noopener\">X\u00f3chitl G\u00e1lvez Ruiz<\/a> interpuso una demanda de amparo en contra de los se\u00f1alamientos hacia ella vertidos desde la conferencia ma\u00f1anera por el presidente <a href=\"https:\/\/www.facebook.com\/lopezobrador.org.mx\" target=\"_blank\" rel=\"noopener\">Andr\u00e9s Manuel L\u00f3pez Obrador<\/a>.<\/p>\n<p style=\"text-align: justify;\">Con ello, G\u00e1lvez Ruiz busca detener las declaraciones del Ejecutivo Federal, quien no solo le imputa hechos, sino que hace \u201ccalificaciones\u201d que van en perjuicio de los derechos humanos.<\/p>\n<p style=\"text-align: justify;\">La demanda de amparo se present\u00f3 el pasado 18 de julio, por lo que el Juzgado Octavo de Distrito en materia administrativa, con sede en la Ciudad de M\u00e9xico, tom\u00f3 conocimiento de la misma.<\/p>\n<p style=\"text-align: justify;\">El Juzgado Octavo a\u00fan no admite a tr\u00e1mite dicha demanda, sin embargo, otorg\u00f3 un plazo de cinco d\u00edas a la aspirante a encabezar la coordinaci\u00f3n del Frente Amplio por M\u00e9xico (FAM) integrada por PAN, PRI y PRD, para que la precise, de lo contrario se desechar\u00e1 el recurso.<\/p>\n<p style=\"text-align: justify;\">La legisladora panista dice que las afirmaciones del Ejecutivo, quien ha asegurado que \u201cun grupo de hombres la han impuesto y la van a utilizar\u201d, que es \u201cprotegida\u201d; que se elige a un personaje \u201cpara poder enga\u00f1ar a la gente\u201d, y que es un \u00abt\u00edtere\u00bb de la oligarqu\u00eda, entre otras.<\/p>\n<p style=\"text-align: justify;\">Ayer, la Comisi\u00f3n de Quejas y Denuncias del Instituto Nacional Electoral (INE) declar\u00f3 improcedentes las medidas cautelares solicitadas por la senadora X\u00f3chitl G\u00e1lvez en contra del presidente Andr\u00e9s Manuel L\u00f3pez Obrador y otras personas servidoras p\u00fablicas por violencia pol\u00edtica de g\u00e9nero.<\/p>\n<p style=\"text-align: justify;\">Sin embargo, los integrantes de la Comisi\u00f3n avalaron, por mayor\u00eda de votos, el sentido del proyecto respecto a que se trata de una \u201ccr\u00edtica dura\u201d propia del debate pol\u00edtico, que no se refiere a ella por su condici\u00f3n de mujer, pero que su repetici\u00f3n debe evitarse a futuro.<\/p>\n<p style=\"text-align: justify;\">El 5 de diciembre de 2022, en Campeche, inici\u00f3 la carrera de X\u00f3chitl G\u00e1lvez hacia la Presidencia de la Rep\u00fablica. En la conferencia matutina de ese d\u00eda luego de abordar el tema de seguridad en Zacatecas y del Instituto Nacional Electoral (INE), el presidente Andr\u00e9s Manuel L\u00f3pez Obrador habl\u00f3 de G\u00e1lvez Ruiz y, sin propon\u00e9rselo, en ese momento hizo que el futuro pol\u00edtico de la senadora panista se perfilara rumbo a Palacio Nacional.<\/p>\n<p style=\"text-align: justify;\">Ahora, a 11 meses de la elecci\u00f3n presidencial del 2024, X\u00f3chitl G\u00e1lvez est\u00e1 logrando lo que la oposici\u00f3n no hab\u00eda podido: que el presidente Andr\u00e9s Manuel L\u00f3pez Obrador la perciba como un riesgo y hacer que la contienda electoral no sea un d\u00eda de campo para Morena y la futura \u201ccorcholata\u201d de ese partido, explican polit\u00f3logos.<\/p>\n<p style=\"text-align: justify;\">Originaria de Tepatec, X\u00f3chitl G\u00e1lvez es una empresaria que incursion\u00f3 en la vida pol\u00edtica y p\u00fablica de M\u00e9xico desde hace dos d\u00e9cadas. Sin embargo, no se le ve\u00eda como aspirante a la candidatura presidencial, sino a la Jefatura de Gobierno. En encuestas que miden las preferencias de los capitalinos para elegir a su pr\u00f3ximo jefe de gobierno, G\u00e1lvez encabezaba la lista.<\/p>\n<p style=\"text-align: justify;\"><em>] S\u00edguenos en Facebook.com\/<a href=\"https:\/\/www.facebook.com\/acapulcopress\" target=\"_blank\" rel=\"noopener\">acapulcopress<\/a><\/em><\/p>\n","protected":false},"excerpt":{"rendered":"<p>CIUDAD DE M\u00c9XICO * Julio 21, 2023. ) Expansi\u00f3n Pol\u00edtica La senadora X\u00f3chitl G\u00e1lvez Ruiz interpuso una demanda de amparo en contra de los se\u00f1alamientos hacia ella vertidos desde la conferencia ma\u00f1anera por el presidente Andr\u00e9s Manuel L\u00f3pez Obrador. Con ello, G\u00e1lvez Ruiz busca detener las declaraciones del Ejecutivo Federal, quien no solo le imputa&#8230;<\/p>\n","protected":false},"author":2,"featured_media":1255604,"comment_status":"closed","ping_status":"closed","sticky":false,"template":"","format":"standard","meta":{"footnotes":""},"categories":[2052,1972,18561],"tags":[3896,18162],"class_list":["post-1255603","post","type-post","status-publish","format-standard","has-post-thumbnail","hentry","category-elecciones","category-special","category-society-politics","tag-andres-manuel-lopez-obrador","tag-xochitl-galvez-ruiz"],"_links":{"self":[{"href":"https:\/\/www.acapulcopress.com\/index.php\/wp-json\/wp\/v2\/posts\/1255603","targetHints":{"allow":["GET"]}}],"collection":[{"href":"https:\/\/www.acapulcopress.com\/index.php\/wp-json\/wp\/v2\/posts"}],"about":[{"href":"https:\/\/www.acapulcopress.com\/index.php\/wp-json\/wp\/v2\/types\/post"}],"author":[{"embeddable":true,"href":"https:\/\/www.acapulcopress.com\/index.php\/wp-json\/wp\/v2\/users\/2"}],"replies":[{"embeddable":true,"href":"https:\/\/www.acapulcopress.com\/index.php\/wp-json\/wp\/v2\/comments?post=1255603"}],"version-history":[{"count":0,"href":"https:\/\/www.acapulcopress.com\/index.php\/wp-json\/wp\/v2\/posts\/1255603\/revisions"}],"wp:featuredmedia":[{"embeddable":true,"href":"https:\/\/www.acapulcopress.com\/index.php\/wp-json\/"}],"wp:attachment":[{"href":"https:\/\/www.acapulcopress.com\/index.php\/wp-json\/wp\/v2\/media?parent=1255603"}],"wp:term":[{"taxonomy":"category","embeddable":true,"href":"https:\/\/www.acapulcopress.com\/index.php\/wp-json\/wp\/v2\/categories?post=1255603"},{"taxonomy":"post_tag","embeddable":true,"href":"https:\/\/www.acapulcopress.com\/index.php\/wp-json\/wp\/v2\/tags?post=1255603"}],"curies":[{"name":"wp","href":"https:\/\/api.w.org\/{rel}","templated":true}]}}