{"id":1255625,"date":"2023-07-24T19:03:31","date_gmt":"2023-07-25T01:03:31","guid":{"rendered":"https:\/\/www.acapulcopress.com\/?p=1255625"},"modified":"2023-07-24T19:03:31","modified_gmt":"2023-07-25T01:03:31","slug":"se-roban-avion-del-aicm-y-aparece-en-poder-de-la-fgr","status":"publish","type":"post","link":"https:\/\/www.acapulcopress.com\/index.php\/2023\/07\/24\/se-roban-avion-del-aicm-y-aparece-en-poder-de-la-fgr\/","title":{"rendered":"Se roban avi\u00f3n del AICM y aparece en poder de la FGR"},"content":{"rendered":"<p style=\"text-align: justify;\">CIUDAD DE M\u00c9XICO * Julio 24, 2023.<br \/>\n<em>) <a href=\"https:\/\/www.proceso.com.mx\/nacional\/2023\/7\/24\/un-avion-robado-en-el-aicm-esto-se-sabe-del-caso-311358.html\" target=\"_blank\" rel=\"noopener\">Apro<\/a><\/em><br \/>\nEl pasado fin de semana, el due\u00f1o de un avi\u00f3n denunci\u00f3 el supuesto robo de su aeronave <img loading=\"lazy\" decoding=\"async\" class=\"alignleft size-medium wp-image-1255628\" src=\"https:\/\/www.acapulcopress.com\/wp-content\/uploads\/2023\/07\/comunicado-aicm-375x378.png\" alt=\"\" width=\"375\" height=\"378\" \/>de las instalaciones del Aeropuerto Internacional de la Ciudad de M\u00e9xico (AICM), lo que gener\u00f3 una investigaci\u00f3n de la Fiscal\u00eda General de Justicia local (FGJCDMX); sin embargo, fue hasta este lunes que se supo que lo tiene la Fiscal\u00eda General de la Rep\u00fablica (FGR) como parte de una investigaci\u00f3n ministerial.<\/p>\n<p style=\"text-align: justify;\">Se trata de un avi\u00f3n privado British Aerospace, modelo Bae, serie 800, matr\u00edcula N591CF, que habr\u00eda desaparecido del hangar 5 del AICM, seg\u00fan diversos reportes period\u00edsticos. Su \u00faltimo vuelo fue de Chiapas a la CDMX en octubre del 2022.<\/p>\n<p style=\"text-align: justify;\">Presuntamente, el pasado fin de semana el due\u00f1o fue a la sede a\u00e9rea capitalina para preparar un nuevo vuelo, pero ya no encontr\u00f3 la aeronave; entonces, hizo la denuncia penal correspondiente.<\/p>\n<p style=\"text-align: justify;\">La ma\u00f1ana de este lunes, reportes period\u00edsticos informaron que la Fiscal\u00eda local ya investigaba el supuesto robo.<\/p>\n<p style=\"text-align: justify;\">Poco tiempo despu\u00e9s, en su cuenta de Twitter, el AICM se deslind\u00f3 del caso al anunciar que \u201cno cuenta con alguna comunicaci\u00f3n oficial por parte de las autoridades judiciales o <img loading=\"lazy\" decoding=\"async\" class=\"alignleft size-medium wp-image-1255627\" src=\"https:\/\/www.acapulcopress.com\/wp-content\/uploads\/2023\/07\/British-Aerospace-Bae-375x195.webp\" alt=\"\" width=\"375\" height=\"195\" \/>ministeriales, que permita conocer la situaci\u00f3n jur\u00eddica de la aeronave citada\u201d.<\/p>\n<p style=\"text-align: justify;\">Agreg\u00f3 que \u201cen los hangares que este aeropuerto tiene en arrendamiento no se encuentra la multicitada aeronave, desconociendo si est\u00e1 a disposici\u00f3n de alguna autoridad diversa que opera en este aeropuerto\u201d. Luego, se dijo \u201cdispuesto a cooperar con las instancias correspondientes en caso de requerirse\u201d.<\/p>\n<p style=\"text-align: justify;\">M\u00e1s tarde, de acuerdo con los mismos reportes, fuentes de la Fiscal\u00eda General de la Rep\u00fablica (FGR) aclararon que el avi\u00f3n estaba en su poder, pues fue asegurado como parte de una investigaci\u00f3n, acci\u00f3n de la cual el due\u00f1o no habr\u00eda sido notificado.<\/p>\n<p style=\"text-align: justify;\"><em>] S\u00edguenos en Facebook.com\/<a href=\"https:\/\/www.facebook.com\/acapulcopress\" target=\"_blank\" rel=\"noopener\">acapulcopress<\/a><\/em><\/p>\n","protected":false},"excerpt":{"rendered":"<p>CIUDAD DE M\u00c9XICO * Julio 24, 2023. ) Apro El pasado fin de semana, el due\u00f1o de un avi\u00f3n denunci\u00f3 el supuesto robo de su aeronave de las instalaciones del Aeropuerto Internacional de la Ciudad de M\u00e9xico (AICM), lo que gener\u00f3 una investigaci\u00f3n de la Fiscal\u00eda General de Justicia local (FGJCDMX); sin embargo, fue hasta&#8230;<\/p>\n","protected":false},"author":2,"featured_media":1255626,"comment_status":"closed","ping_status":"closed","sticky":false,"template":"","format":"standard","meta":{"footnotes":""},"categories":[1969,2005],"tags":[3321,4880],"class_list":["post-1255625","post","type-post","status-publish","format-standard","has-post-thumbnail","hentry","category-trending","category-seguridad-y-justicia","tag-aeropuerto-internacional-de-la-ciudad-de-mexico-aicm","tag-british-aerospace"],"_links":{"self":[{"href":"https:\/\/www.acapulcopress.com\/index.php\/wp-json\/wp\/v2\/posts\/1255625","targetHints":{"allow":["GET"]}}],"collection":[{"href":"https:\/\/www.acapulcopress.com\/index.php\/wp-json\/wp\/v2\/posts"}],"about":[{"href":"https:\/\/www.acapulcopress.com\/index.php\/wp-json\/wp\/v2\/types\/post"}],"author":[{"embeddable":true,"href":"https:\/\/www.acapulcopress.com\/index.php\/wp-json\/wp\/v2\/users\/2"}],"replies":[{"embeddable":true,"href":"https:\/\/www.acapulcopress.com\/index.php\/wp-json\/wp\/v2\/comments?post=1255625"}],"version-history":[{"count":0,"href":"https:\/\/www.acapulcopress.com\/index.php\/wp-json\/wp\/v2\/posts\/1255625\/revisions"}],"wp:featuredmedia":[{"embeddable":true,"href":"https:\/\/www.acapulcopress.com\/index.php\/wp-json\/"}],"wp:attachment":[{"href":"https:\/\/www.acapulcopress.com\/index.php\/wp-json\/wp\/v2\/media?parent=1255625"}],"wp:term":[{"taxonomy":"category","embeddable":true,"href":"https:\/\/www.acapulcopress.com\/index.php\/wp-json\/wp\/v2\/categories?post=1255625"},{"taxonomy":"post_tag","embeddable":true,"href":"https:\/\/www.acapulcopress.com\/index.php\/wp-json\/wp\/v2\/tags?post=1255625"}],"curies":[{"name":"wp","href":"https:\/\/api.w.org\/{rel}","templated":true}]}}