{"id":1255630,"date":"2023-07-24T19:43:14","date_gmt":"2023-07-25T01:43:14","guid":{"rendered":"https:\/\/www.acapulcopress.com\/?p=1255630"},"modified":"2023-07-24T19:43:14","modified_gmt":"2023-07-25T01:43:14","slug":"aplazan-para-marzo-sentencia-contra-garcia-luna","status":"publish","type":"post","link":"https:\/\/www.acapulcopress.com\/index.php\/2023\/07\/24\/aplazan-para-marzo-sentencia-contra-garcia-luna\/","title":{"rendered":"Aplazan para marzo sentencia contra Garc\u00eda Luna"},"content":{"rendered":"<p style=\"text-align: justify;\">NUEVA YORK * Julio 24, 2023.<br \/>\n<em>) Efe<\/em><br \/>\nEl juez Brian Cogan acept\u00f3 la solicitud de la defensa de Genaro Garc\u00eda Luna para posponer hasta marzo del 2024 la sentencia del exsecretario de Seguridad del gobierno de Felipe Calder\u00f3n, acusado por narcotr\u00e1fico en Estados Unidos.<\/p>\n<p style=\"text-align: justify;\">El 30 de junio, el defensor de Garc\u00eda Luna, C\u00e9sar de Castro, solicit\u00f3 el aplazamiento para presentar nuevas pruebas a favor del exfuncionario con el objetivo de solicitar un nuevo juicio para Garc\u00eda Luna, quien fue declarado culpable de colaborar con el c\u00e1rtel que encabeza Joaqu\u00edn \u201cEl Chapo\u201d Guzm\u00e1n.<\/p>\n<p style=\"text-align: justify;\">De acuerdo con el juez, los argumentos de la defensa tienen suficientes fundamentos para cambiar la fecha de la sentencia; ahora, Garc\u00eda Luna puede entregar pruebas a su favor hasta el 15 de diciembre, la fiscal\u00eda tiene como plazo el 19 de enero de 2024 y la sentencia se dictar\u00e1 el 1 de marzo del pr\u00f3ximo a\u00f1o.<\/p>\n<p style=\"text-align: justify;\">La decisi\u00f3n del juez de aceptar a De Castro un nuevo plazo contradice la postura de la fiscal\u00eda, que hace dos semanas dijo que la defensa se hab\u00eda embarcado en \u201cuna expedici\u00f3n de pesca\u201d de pruebas favorables y solicit\u00f3 a Cogan que se negase a esas maniobras dilatorias cuando ya han tenido m\u00e1s de tres a\u00f1os para hablar con testigos y examinar documentos.<\/p>\n<p style=\"text-align: justify;\">De Castro hab\u00eda argumentado ante el juez que \u201ca medida que m\u00e1s personas conocen la naturaleza de las pruebas contra el se\u00f1or Garc\u00eda Luna, a\u00fan m\u00e1s antiguos funcionarios\u201d est\u00e1n aportando \u201cinformaci\u00f3n que creen podr\u00eda haber sido \u00fatil para la defensa en el juicio\u201c.<\/p>\n<p style=\"text-align: justify;\">Concretamente, en el \u00faltimo mes de junio, los abogados del exsecretario recibieron \u201cmiles de p\u00e1ginas de material, archivos de audio y video\u201d que no hab\u00edan \u201cvisto nunca\u201d, y De Castro arguy\u00f3 que la mayor\u00eda est\u00e1n en espa\u00f1ol, por lo que las limitaciones de idioma del equipo estaban \u201cretrasando\u201d su revisi\u00f3n.<\/p>\n<p style=\"text-align: justify;\">\u201cEntendemos que este no puede ser un proceso indefinido, sin embargo, los materiales que hemos recibido son directamente relevantes para el caso y muchos son materiales de las fuerzas del orden\u201d, dijo De Castro en apoyo a su petici\u00f3n.<\/p>\n<p style=\"text-align: justify;\">Garc\u00eda Luna, de 55 a\u00f1os, fue declarado culpable en febrero de participar en la direcci\u00f3n de una empresa criminal cuya actividad contin\u00faa hasta la actualidad; conspiraci\u00f3n para la distribuci\u00f3n de 5 kilogramos o m\u00e1s de coca\u00edna; conspiraci\u00f3n para la distribuci\u00f3n y posesi\u00f3n de 5 kilogramos o m\u00e1s de coca\u00edna con la intenci\u00f3n de distribuirla en Estados Unidos y conspiraci\u00f3n para la importaci\u00f3n de la misma cantidad o m\u00e1s.<\/p>\n<p style=\"text-align: justify;\">El quinto delito era el de prestar falso testimonio a las autoridades estadounidenses cuando solicit\u00f3 la nacionalidad.<\/p>\n<p style=\"text-align: justify;\">Por cualquiera de los cuatro primeros cargos, podr\u00eda ser sentenciado a cadena perpetua.<br \/>\n<em>] S\u00edguenos en Facebook.com\/<a href=\"https:\/\/www.facebook.com\/acapulcopress\" target=\"_blank\" rel=\"noopener\">acapulcopress<\/a><\/em><\/p>\n","protected":false},"excerpt":{"rendered":"<p>NUEVA YORK * Julio 24, 2023. ) Efe El juez Brian Cogan acept\u00f3 la solicitud de la defensa de Genaro Garc\u00eda Luna para posponer hasta marzo del 2024 la sentencia del exsecretario de Seguridad del gobierno de Felipe Calder\u00f3n, acusado por narcotr\u00e1fico en Estados Unidos. El 30 de junio, el defensor de Garc\u00eda Luna, C\u00e9sar&#8230;<\/p>\n","protected":false},"author":2,"featured_media":1255631,"comment_status":"closed","ping_status":"closed","sticky":false,"template":"","format":"standard","meta":{"footnotes":""},"categories":[1997],"tags":[9131,10795],"class_list":["post-1255630","post","type-post","status-publish","format-standard","has-post-thumbnail","hentry","category-noticias-destacadas","tag-genaro-garcia-luna","tag-joaquin-el-chapo-guzman"],"_links":{"self":[{"href":"https:\/\/www.acapulcopress.com\/index.php\/wp-json\/wp\/v2\/posts\/1255630","targetHints":{"allow":["GET"]}}],"collection":[{"href":"https:\/\/www.acapulcopress.com\/index.php\/wp-json\/wp\/v2\/posts"}],"about":[{"href":"https:\/\/www.acapulcopress.com\/index.php\/wp-json\/wp\/v2\/types\/post"}],"author":[{"embeddable":true,"href":"https:\/\/www.acapulcopress.com\/index.php\/wp-json\/wp\/v2\/users\/2"}],"replies":[{"embeddable":true,"href":"https:\/\/www.acapulcopress.com\/index.php\/wp-json\/wp\/v2\/comments?post=1255630"}],"version-history":[{"count":0,"href":"https:\/\/www.acapulcopress.com\/index.php\/wp-json\/wp\/v2\/posts\/1255630\/revisions"}],"wp:featuredmedia":[{"embeddable":true,"href":"https:\/\/www.acapulcopress.com\/index.php\/wp-json\/"}],"wp:attachment":[{"href":"https:\/\/www.acapulcopress.com\/index.php\/wp-json\/wp\/v2\/media?parent=1255630"}],"wp:term":[{"taxonomy":"category","embeddable":true,"href":"https:\/\/www.acapulcopress.com\/index.php\/wp-json\/wp\/v2\/categories?post=1255630"},{"taxonomy":"post_tag","embeddable":true,"href":"https:\/\/www.acapulcopress.com\/index.php\/wp-json\/wp\/v2\/tags?post=1255630"}],"curies":[{"name":"wp","href":"https:\/\/api.w.org\/{rel}","templated":true}]}}