{"id":1255638,"date":"2023-07-26T18:21:10","date_gmt":"2023-07-27T00:21:10","guid":{"rendered":"https:\/\/www.acapulcopress.com\/?p=1255638"},"modified":"2023-07-26T18:21:10","modified_gmt":"2023-07-27T00:21:10","slug":"gobernadora-revisa-pendientes-financieros-del-campo-y-el-sector-agropecuario","status":"publish","type":"post","link":"https:\/\/www.acapulcopress.com\/index.php\/2023\/07\/26\/gobernadora-revisa-pendientes-financieros-del-campo-y-el-sector-agropecuario\/","title":{"rendered":"Gobernadora revisa pendientes financieros del campo y el sector agropecuario"},"content":{"rendered":"<p>CHILPANCINGO * Julio 26, 2023.<br \/>\n<em>) Gobierno de Guerrero<\/em><\/p>\n<p style=\"text-align: justify;\"><img loading=\"lazy\" decoding=\"async\" class=\"alignleft size-medium wp-image-1255648\" src=\"https:\/\/www.acapulcopress.com\/wp-content\/uploads\/2023\/07\/EVELYN.-FINANZAS-375x250.jpg\" alt=\"\" width=\"375\" height=\"250\" \/>La gobernadora <a href=\"https:\/\/www.facebook.com\/EvelynSalgadoP\" target=\"_blank\" rel=\"noopener\">Evelyn Salgado Pineda<\/a> se reuni\u00f3 con el titular de la Secretar\u00eda de Agricultura, Ganader\u00eda, Pesca y Desarrollo Rural de Guerrero, Alejandro Zepeda Castorena, con quien revis\u00f3 los pendientes en la materia y evalu\u00f3 las pol\u00edticas p\u00fablicas implementadas para continuar transformando el campo y el sector agropecuario de manera hist\u00f3rica sin dejar a nadie fuera de los programas sociales.<\/p>\n<p><em>] S\u00edguenos en Facebook.com\/<a href=\"https:\/\/www.facebook.com\/acapulcopress\" target=\"_blank\" rel=\"noopener\">acapulcopress<\/a><\/em><\/p>\n","protected":false},"excerpt":{"rendered":"<p>CHILPANCINGO * Julio 26, 2023. ) Gobierno de Guerrero La gobernadora Evelyn Salgado Pineda se reuni\u00f3 con el titular de la Secretar\u00eda de Agricultura, Ganader\u00eda, Pesca y Desarrollo Rural de Guerrero, Alejandro Zepeda Castorena, con quien revis\u00f3 los pendientes en la materia y evalu\u00f3 las pol\u00edticas p\u00fablicas implementadas para continuar transformando el campo y el&#8230;<\/p>\n","protected":false},"author":2,"featured_media":1255649,"comment_status":"closed","ping_status":"closed","sticky":false,"template":"","format":"standard","meta":{"footnotes":""},"categories":[1983,18561],"tags":[3572,8251],"class_list":["post-1255638","post","type-post","status-publish","format-standard","has-post-thumbnail","hentry","category-guerrerogob","category-society-politics","tag-alejandro-zepeda-castorena","tag-evelyn-salgado-pineda"],"_links":{"self":[{"href":"https:\/\/www.acapulcopress.com\/index.php\/wp-json\/wp\/v2\/posts\/1255638","targetHints":{"allow":["GET"]}}],"collection":[{"href":"https:\/\/www.acapulcopress.com\/index.php\/wp-json\/wp\/v2\/posts"}],"about":[{"href":"https:\/\/www.acapulcopress.com\/index.php\/wp-json\/wp\/v2\/types\/post"}],"author":[{"embeddable":true,"href":"https:\/\/www.acapulcopress.com\/index.php\/wp-json\/wp\/v2\/users\/2"}],"replies":[{"embeddable":true,"href":"https:\/\/www.acapulcopress.com\/index.php\/wp-json\/wp\/v2\/comments?post=1255638"}],"version-history":[{"count":0,"href":"https:\/\/www.acapulcopress.com\/index.php\/wp-json\/wp\/v2\/posts\/1255638\/revisions"}],"wp:featuredmedia":[{"embeddable":true,"href":"https:\/\/www.acapulcopress.com\/index.php\/wp-json\/"}],"wp:attachment":[{"href":"https:\/\/www.acapulcopress.com\/index.php\/wp-json\/wp\/v2\/media?parent=1255638"}],"wp:term":[{"taxonomy":"category","embeddable":true,"href":"https:\/\/www.acapulcopress.com\/index.php\/wp-json\/wp\/v2\/categories?post=1255638"},{"taxonomy":"post_tag","embeddable":true,"href":"https:\/\/www.acapulcopress.com\/index.php\/wp-json\/wp\/v2\/tags?post=1255638"}],"curies":[{"name":"wp","href":"https:\/\/api.w.org\/{rel}","templated":true}]}}