{"id":1255651,"date":"2023-07-26T18:51:43","date_gmt":"2023-07-27T00:51:43","guid":{"rendered":"https:\/\/www.acapulcopress.com\/?p=1255651"},"modified":"2023-07-26T18:51:43","modified_gmt":"2023-07-27T00:51:43","slug":"clausuro-la-presidente-del-dif-guerrero-graduacion-de-estudiantes-de-los-cecaps","status":"publish","type":"post","link":"https:\/\/www.acapulcopress.com\/index.php\/2023\/07\/26\/clausuro-la-presidente-del-dif-guerrero-graduacion-de-estudiantes-de-los-cecaps\/","title":{"rendered":"Clausur\u00f3 la presidente del DIF Guerrero graduaci\u00f3n de estudiantes de los Cecaps"},"content":{"rendered":"<p style=\"text-align: justify;\">CHILPANCINGO * Julio 26, 2023.<br \/>\n<em>) Gobierno de Guerrero<\/em><\/p>\n<p style=\"text-align: justify;\">En una emotiva ceremonia de graduaci\u00f3n, 53 estudiantes de los Centros de Capacitaci\u00f3n <img loading=\"lazy\" decoding=\"async\" class=\"alignleft size-medium wp-image-1255645\" src=\"https:\/\/www.acapulcopress.com\/wp-content\/uploads\/2023\/07\/DIFGro6-375x250.jpg\" alt=\"\" width=\"375\" height=\"250\" \/>(Cecaps) del DIF Guerrero culminaron sus carreras t\u00e9cnicas en corte y confecci\u00f3n, manualidades, computaci\u00f3n y cultora de belleza.<\/p>\n<p style=\"text-align: justify;\">La presidenta del patronato DIF, Liz Salgado Pineda, durante el acto de clausura, resalt\u00f3 que los Cecaps representan la esencia del nuevo rostro del DIF al ofrecer a las familias una opci\u00f3n educativa de confianza que forma a mujeres y hombres con futuro y oportunidades que demuestran el talento presente en Guerrero.<\/p>\n<p style=\"text-align: justify;\">En la ceremonia de graduaci\u00f3n, Liz Salgado entreg\u00f3 constancias profesionales a las y los egresados a quienes felicit\u00f3 por la culminaci\u00f3n de este logro que les permitir\u00e1 seguir creciendo profesional y laboralmente.<\/p>\n<p style=\"text-align: justify;\"><img loading=\"lazy\" decoding=\"async\" class=\"alignleft size-medium wp-image-1255646\" src=\"https:\/\/www.acapulcopress.com\/wp-content\/uploads\/2023\/07\/DIFGro7-375x234.jpg\" alt=\"\" width=\"375\" height=\"234\" \/>El evento cont\u00f3 con la presencia de familias y amigos de los estudiantes, quienes disfrutaron del emotivo programa y fueron testigos de una pasarela de trabajos finales.<\/p>\n<p style=\"text-align: justify;\">Durante esta pasarela, los graduados presentaron vestidos estilizados, trajes t\u00edpicos, peinados, maquillajes y prendas de vestir \u00fanicas que ellos mismos elaboraron, demostrando as\u00ed todo lo aprendido durante los dos a\u00f1os de carrera t\u00e9cnica.<\/p>\n<p style=\"text-align: justify;\">Este logro representa un gran paso en la vida de los egresados y refuerza el compromiso del gobierno del estado que encabeza la gobernadora Evelyn Salgado Pineda en seguir brindando oportunidades de educaci\u00f3n y desarrollo para las y los\u00a0guerrerenses.<\/p>\n<p><img loading=\"lazy\" decoding=\"async\" class=\"alignnone wp-image-1255643 size-large\" src=\"https:\/\/www.acapulcopress.com\/wp-content\/uploads\/2023\/07\/DIFGro4-840x560.jpg\" alt=\"\" width=\"696\" height=\"464\" \/><\/p>\n<p style=\"text-align: justify;\"><em>] S\u00edguenos en Facebook.com\/<a href=\"https:\/\/www.facebook.com\/acapulcopress\" target=\"_blank\" rel=\"noopener\">acapulcopress<\/a><\/em><\/p>\n<p style=\"text-align: justify;\">\n","protected":false},"excerpt":{"rendered":"<p>CHILPANCINGO * Julio 26, 2023. ) Gobierno de Guerrero En una emotiva ceremonia de graduaci\u00f3n, 53 estudiantes de los Centros de Capacitaci\u00f3n (Cecaps) del DIF Guerrero culminaron sus carreras t\u00e9cnicas en corte y confecci\u00f3n, manualidades, computaci\u00f3n y cultora de belleza. La presidenta del patronato DIF, Liz Salgado Pineda, durante el acto de clausura, resalt\u00f3 que&#8230;<\/p>\n","protected":false},"author":2,"featured_media":1255644,"comment_status":"closed","ping_status":"closed","sticky":false,"template":"","format":"standard","meta":{"footnotes":""},"categories":[1983,18561],"tags":[7313],"class_list":["post-1255651","post","type-post","status-publish","format-standard","has-post-thumbnail","hentry","category-guerrerogob","category-society-politics","tag-dif-guerrero"],"_links":{"self":[{"href":"https:\/\/www.acapulcopress.com\/index.php\/wp-json\/wp\/v2\/posts\/1255651","targetHints":{"allow":["GET"]}}],"collection":[{"href":"https:\/\/www.acapulcopress.com\/index.php\/wp-json\/wp\/v2\/posts"}],"about":[{"href":"https:\/\/www.acapulcopress.com\/index.php\/wp-json\/wp\/v2\/types\/post"}],"author":[{"embeddable":true,"href":"https:\/\/www.acapulcopress.com\/index.php\/wp-json\/wp\/v2\/users\/2"}],"replies":[{"embeddable":true,"href":"https:\/\/www.acapulcopress.com\/index.php\/wp-json\/wp\/v2\/comments?post=1255651"}],"version-history":[{"count":0,"href":"https:\/\/www.acapulcopress.com\/index.php\/wp-json\/wp\/v2\/posts\/1255651\/revisions"}],"wp:featuredmedia":[{"embeddable":true,"href":"https:\/\/www.acapulcopress.com\/index.php\/wp-json\/"}],"wp:attachment":[{"href":"https:\/\/www.acapulcopress.com\/index.php\/wp-json\/wp\/v2\/media?parent=1255651"}],"wp:term":[{"taxonomy":"category","embeddable":true,"href":"https:\/\/www.acapulcopress.com\/index.php\/wp-json\/wp\/v2\/categories?post=1255651"},{"taxonomy":"post_tag","embeddable":true,"href":"https:\/\/www.acapulcopress.com\/index.php\/wp-json\/wp\/v2\/tags?post=1255651"}],"curies":[{"name":"wp","href":"https:\/\/api.w.org\/{rel}","templated":true}]}}