{"id":1255671,"date":"2023-07-26T21:15:04","date_gmt":"2023-07-27T03:15:04","guid":{"rendered":"https:\/\/www.acapulcopress.com\/?p=1255671"},"modified":"2023-07-26T21:15:04","modified_gmt":"2023-07-27T03:15:04","slug":"frente-instala-comites-estatales-en-todo-el-pais","status":"publish","type":"post","link":"https:\/\/www.acapulcopress.com\/index.php\/2023\/07\/26\/frente-instala-comites-estatales-en-todo-el-pais\/","title":{"rendered":"#Frente instala comit\u00e9s estatales en todo el pa\u00eds"},"content":{"rendered":"<p style=\"text-align: justify;\">CIUDAD DE M\u00c9XICO * Julio 26, 2023.<br \/>\n<em>) Especial<\/em><\/p>\n<p style=\"text-align: justify;\">El d\u00eda de hoy, se instal\u00f3 en las 32 entidades federativas la estructura nacional que colaborar\u00e1 con el Comit\u00e9 Organizador en el proceso de selecci\u00f3n de la persona responsable de encabezar el<a href=\"https:\/\/frenteampliopormexico.org.mx\/\" target=\"_blank\" rel=\"noopener\"> Frente Amplio por M\u00e9xico<\/a>.<\/p>\n<p style=\"text-align: justify;\">La instalaci\u00f3n de la estructura nacional es producto de un trabajo conjunto entre la sociedad civil, los partidos pol\u00edticos y el Comit\u00e9 Organizador, de manera que se abran cauces para la m\u00e1s amplia participaci\u00f3n ciudadana.<\/p>\n<p style=\"text-align: justify;\">Cada Comit\u00e9 local estar\u00e1 integrado por especialistas, representantes de las organizaciones de la sociedad civil y de los partidos Acci\u00f3n Nacional, Revolucionario Institucional y de la Revoluci\u00f3n Democr\u00e1tica, respectivamente.<\/p>\n<p style=\"text-align: justify;\">Y trabajar\u00e1 en coordinaci\u00f3n con el Comit\u00e9 Organizador para apoyar la organizaci\u00f3n del ejercicio que se encuentra en curso, proporcionar la informaci\u00f3n necesaria e implementar la log\u00edstica en cada entidad, con el objetivo de instalar centros de participaci\u00f3n ciudadana, a fin de que las personas que se registren previamente en la plataforma frenteampliopormexico.org.mx puedan participar en todas y cada una de las etapas.<\/p>\n<p style=\"text-align: justify;\">Trabajaremos con aut\u00e9ntica vocaci\u00f3n democr\u00e1tica para contribuir a darle forma a esta alianza in\u00e9dita, a este ejercicio hist\u00f3rico que busca apegarse a la normativa electoral, que tiene reglas para garantizar piso parejo entre las y los aspirantes y que se rige por un principio esencial de transparencia y rendici\u00f3n de cuentas.<\/p>\n<p style=\"text-align: justify;\">En su mensaje, la comisionada, Alejandra Latap\u00ed Renner, record\u00f3 que hace 26 d\u00edas dio inicio uno de los proyectos m\u00e1s ambiciosos para el futuro del pa\u00eds: la alianza entre ciudadanos y partidos que permite una nueva pol\u00edtica en la que se dejan atr\u00e1s los reclamos est\u00e9riles, las descalificaciones y los rencores acumulados, para dar paso a un proyecto incluyente, democr\u00e1tico y de reconciliaci\u00f3n.<\/p>\n<p style=\"text-align: justify;\">Por su parte, el comisionado Marco Ba\u00f1os, asegur\u00f3 que los comit\u00e9s locales ser\u00e1n los brazos operativos del Frente Amplio por M\u00e9xico en todo el pa\u00eds y materializar\u00e1n un esfuerzo leg\u00edtimo para seleccionar en el marco de la ley y de criterios establecidos por las autoridades electorales, a la persona que coordinar\u00e1 el proyecto que busca ofrecer alternativas y una agenda de pol\u00edticas p\u00fablicas ante la problem\u00e1tica que vive el pa\u00eds.<\/p>\n<p style=\"text-align: justify;\">En representaci\u00f3n del Partido Acci\u00f3n Nacional, el director general Jur\u00eddico del Comit\u00e9 Ejecutivo Nacional, Raymundo Bola\u00f1os, destac\u00f3 que este ejercicio de consulta ciudadana sea una realidad que hoy se extienda en alcance a toda la Rep\u00fablica mexicana, un proceso que ha contagiado de esperanza a millones de mexicanas y mexicanos, y que es distinto y distinguible porque la participaci\u00f3n ciudadana es el \u00fanico motor necesario.<\/p>\n<p style=\"text-align: justify;\">En voz del Partido Revolucionario Institucional, el secretario de Acci\u00f3n Electoral, Rolando Zapata reconoci\u00f3 la voluntad pol\u00edtica de los partidos PAN, PRI y PRD y el entusiasmo y compromiso de la ciudadan\u00eda movida en tres grandes conceptos: la pluralidad, la participaci\u00f3n ciudadana y la democracia representativa, \u201cuna amalgama que le dar\u00e1 a M\u00e9xico un rumbo diferente\u201d.<\/p>\n<p style=\"text-align: justify;\">Finalmente, la secretaria nacional de Asuntos Electorales del PRD, Claudia Castello, garantiz\u00f3 a la ciudadan\u00eda que el Frente Amplio por M\u00e9xico est\u00e1 en pie de lucha y \u201cno les vamos a fallar, sin importar cu\u00e1ntas ma\u00f1aneras se dediquen a denostarnos y a dividir el pa\u00eds, este es el frente de la construcci\u00f3n, de las sumas, no del odio y no del resentimiento, no del dedazo presidencial disfrazado grotescamente del corcholatismo\u201d.<\/p>\n<p style=\"text-align: justify;\"><em>] S\u00edguenos en Facebook.com\/<a href=\"https:\/\/www.facebook.com\/acapulcopress\" target=\"_blank\" rel=\"noopener\">acapulcopress<\/a><\/em><\/p>\n","protected":false},"excerpt":{"rendered":"<p>CIUDAD DE M\u00c9XICO * Julio 26, 2023. ) Especial El d\u00eda de hoy, se instal\u00f3 en las 32 entidades federativas la estructura nacional que colaborar\u00e1 con el Comit\u00e9 Organizador en el proceso de selecci\u00f3n de la persona responsable de encabezar el Frente Amplio por M\u00e9xico. La instalaci\u00f3n de la estructura nacional es producto de un&#8230;<\/p>\n","protected":false},"author":2,"featured_media":1255672,"comment_status":"closed","ping_status":"closed","sticky":false,"template":"","format":"standard","meta":{"footnotes":""},"categories":[1997],"tags":[4718,8929,14184,14804,14914],"class_list":["post-1255671","post","type-post","status-publish","format-standard","has-post-thumbnail","hentry","category-noticias-destacadas","tag-bertha-xochitl-galvez-ruiz","tag-frente-amplio-por-mexico","tag-pan","tag-prd","tag-pri"],"_links":{"self":[{"href":"https:\/\/www.acapulcopress.com\/index.php\/wp-json\/wp\/v2\/posts\/1255671","targetHints":{"allow":["GET"]}}],"collection":[{"href":"https:\/\/www.acapulcopress.com\/index.php\/wp-json\/wp\/v2\/posts"}],"about":[{"href":"https:\/\/www.acapulcopress.com\/index.php\/wp-json\/wp\/v2\/types\/post"}],"author":[{"embeddable":true,"href":"https:\/\/www.acapulcopress.com\/index.php\/wp-json\/wp\/v2\/users\/2"}],"replies":[{"embeddable":true,"href":"https:\/\/www.acapulcopress.com\/index.php\/wp-json\/wp\/v2\/comments?post=1255671"}],"version-history":[{"count":0,"href":"https:\/\/www.acapulcopress.com\/index.php\/wp-json\/wp\/v2\/posts\/1255671\/revisions"}],"wp:featuredmedia":[{"embeddable":true,"href":"https:\/\/www.acapulcopress.com\/index.php\/wp-json\/"}],"wp:attachment":[{"href":"https:\/\/www.acapulcopress.com\/index.php\/wp-json\/wp\/v2\/media?parent=1255671"}],"wp:term":[{"taxonomy":"category","embeddable":true,"href":"https:\/\/www.acapulcopress.com\/index.php\/wp-json\/wp\/v2\/categories?post=1255671"},{"taxonomy":"post_tag","embeddable":true,"href":"https:\/\/www.acapulcopress.com\/index.php\/wp-json\/wp\/v2\/tags?post=1255671"}],"curies":[{"name":"wp","href":"https:\/\/api.w.org\/{rel}","templated":true}]}}