{"id":1255675,"date":"2023-07-26T21:50:40","date_gmt":"2023-07-27T03:50:40","guid":{"rendered":"https:\/\/www.acapulcopress.com\/?p=1255675"},"modified":"2023-07-26T21:50:40","modified_gmt":"2023-07-27T03:50:40","slug":"no-mentiras","status":"publish","type":"post","link":"https:\/\/www.acapulcopress.com\/index.php\/2023\/07\/26\/no-mentiras\/","title":{"rendered":"\u00abNo mentir\u00e1s\u00bb\u2026"},"content":{"rendered":"<p style=\"text-align: justify;\">Un Rapid\u00edn<br \/>\n\u00bb \u00c1NGEL | <strong>IRRA CARCEDA<\/strong><br \/>\nangelirracar@hotmail.com<br \/>\n<em>) Facebook \/ <a href=\"https:\/\/www.facebook.com\/angel.irracarceda.7\" target=\"_blank\" rel=\"noopener\">Angel Irra Carceda<\/a><\/em><\/p>\n<p style=\"text-align: justify;\">Fuerte y claro le respondi\u00f3 el excandidato a la gubernatura de Guerrero, <a href=\"https:\/\/www.facebook.com\/MorenoArcosMario\" target=\"_blank\" rel=\"noopener\">Mario Moreno Arcos<\/a>, al obispo em\u00e9rito de la Di\u00f3cesis Chilpancingo-Chilapa, Salvador Rangel Mendoza.<\/p>\n<p style=\"text-align: justify;\">En d\u00edas pasados, el prelado cat\u00f3lico, muy quitado de la pena, dijo que el grupo delincuencial Los Ardillos le habr\u00eda organizado al priista, durante su campa\u00f1a por la gubernatura, muy buenos eventos en Quchultenango y la comunidad de Mazatl\u00e1n, municipio de Chilpancingo. \u201cLos mejores\u201d, resalt\u00f3.<\/p>\n<p style=\"text-align: justify;\">Y, sopas, perico. Mario Moreno ya le sali\u00f3 al paso. Dijo que todos sus eventos de campa\u00f1a los organizaron los partidos pol\u00edticos que lo postularon candidato. Y pidi\u00f3 al obispo em\u00e9rito ser responsable en lo que dice.<\/p>\n<p style=\"text-align: justify;\">Le solt\u00f3 que con ese tipo de declaraciones lo coloca en peligro, y tambi\u00e9n a su familia. Y le sugiri\u00f3 dejar de lado actitudes \u201cprotag\u00f3nicas\u201d. Y, adem\u00e1s, rechazo haberse reunido con personajes del crimen organizado.<\/p>\n<p style=\"text-align: justify;\">En entrevista le preguntaron si proceder\u00eda jur\u00eddicamente contra el obispo em\u00e9rito, y Mario Moreno respondi\u00f3: \u00ab\u00a1No vale la pena!\u00bb<\/p>\n<p style=\"text-align: justify;\">Su servidor dir\u00eda que el prelado cat\u00f3lico, en todo caso, est\u00e1 obligado a probar sus dichos.<br \/>\nOctavo mandamiento: \u00abNo dar\u00e1s falso testimonio ni mentir\u00e1s\u00bb. Y yo agregar\u00eda: &#8216;porque si lo haces, como un vil chismoso quedar\u00e1s&#8217;.<\/p>\n<p style=\"text-align: justify;\">Este octavo mandamiento proh\u00edbe falsear la verdad en las relaciones con los dem\u00e1s, seg\u00fan explic\u00f3 el Papa Francisco.<\/p>\n<p style=\"text-align: justify;\"><em>] S\u00edguenos en Facebook.com\/<a href=\"https:\/\/www.facebook.com\/acapulcopress\" target=\"_blank\" rel=\"noopener\">acapulcopress<\/a><\/em><\/p>\n","protected":false},"excerpt":{"rendered":"<p>Un Rapid\u00edn \u00bb \u00c1NGEL | IRRA CARCEDA angelirracar@hotmail.com ) Facebook \/ Angel Irra Carceda Fuerte y claro le respondi\u00f3 el excandidato a la gubernatura de Guerrero, Mario Moreno Arcos, al obispo em\u00e9rito de la Di\u00f3cesis Chilpancingo-Chilapa, Salvador Rangel Mendoza. En d\u00edas pasados, el prelado cat\u00f3lico, muy quitado de la pena, dijo que el grupo delincuencial&#8230;<\/p>\n","protected":false},"author":2,"featured_media":1255676,"comment_status":"closed","ping_status":"closed","sticky":false,"template":"","format":"standard","meta":{"footnotes":""},"categories":[1972,2071,1991],"tags":[3938,12685,14214,15962,17511],"class_list":["post-1255675","post","type-post","status-publish","format-standard","has-post-thumbnail","hentry","category-special","category-opinion-analisis-columnas","category-libertad-de-expresion","tag-angel-irra-carceda","tag-mario-moreno-arcos","tag-papa-francisco","tag-salvador-rangel-mendoza","tag-un-rapidin"],"_links":{"self":[{"href":"https:\/\/www.acapulcopress.com\/index.php\/wp-json\/wp\/v2\/posts\/1255675","targetHints":{"allow":["GET"]}}],"collection":[{"href":"https:\/\/www.acapulcopress.com\/index.php\/wp-json\/wp\/v2\/posts"}],"about":[{"href":"https:\/\/www.acapulcopress.com\/index.php\/wp-json\/wp\/v2\/types\/post"}],"author":[{"embeddable":true,"href":"https:\/\/www.acapulcopress.com\/index.php\/wp-json\/wp\/v2\/users\/2"}],"replies":[{"embeddable":true,"href":"https:\/\/www.acapulcopress.com\/index.php\/wp-json\/wp\/v2\/comments?post=1255675"}],"version-history":[{"count":0,"href":"https:\/\/www.acapulcopress.com\/index.php\/wp-json\/wp\/v2\/posts\/1255675\/revisions"}],"wp:featuredmedia":[{"embeddable":true,"href":"https:\/\/www.acapulcopress.com\/index.php\/wp-json\/"}],"wp:attachment":[{"href":"https:\/\/www.acapulcopress.com\/index.php\/wp-json\/wp\/v2\/media?parent=1255675"}],"wp:term":[{"taxonomy":"category","embeddable":true,"href":"https:\/\/www.acapulcopress.com\/index.php\/wp-json\/wp\/v2\/categories?post=1255675"},{"taxonomy":"post_tag","embeddable":true,"href":"https:\/\/www.acapulcopress.com\/index.php\/wp-json\/wp\/v2\/tags?post=1255675"}],"curies":[{"name":"wp","href":"https:\/\/api.w.org\/{rel}","templated":true}]}}