{"id":1255681,"date":"2023-07-27T10:24:28","date_gmt":"2023-07-27T16:24:28","guid":{"rendered":"https:\/\/www.acapulcopress.com\/?p=1255681"},"modified":"2023-07-27T10:24:28","modified_gmt":"2023-07-27T16:24:28","slug":"con-manejo-responsable-y-transparente-de-los-recursos-seguimos-transformando-guerrero-evelyn-salgado","status":"publish","type":"post","link":"https:\/\/www.acapulcopress.com\/index.php\/2023\/07\/27\/con-manejo-responsable-y-transparente-de-los-recursos-seguimos-transformando-guerrero-evelyn-salgado\/","title":{"rendered":"Con manejo responsable y transparente de los recursos, seguimos transformando Guerrero | Evelyn Salgado"},"content":{"rendered":"<p style=\"text-align: justify;\">CHILPANCINGO * Julio 27, 2023.<br \/>\n<em>) Acapulco Press<br \/>\n<\/em>\u00abCon un manejo responsable y transparente de los recursos p\u00fablicos, seguimos #TransformandoGuerrero\u00bb, subray\u00f3 la Gobernadora <a href=\"https:\/\/www.facebook.com\/EvelynSalgadoP\" target=\"_blank\" rel=\"noopener\">Evelyn Salgado Pineda<\/a>, al anunciar satisfactoriamente la buena noticia de que \u00abcomo parte de los logros de nuestro primer a\u00f1o de gobierno, Guerrero disminuy\u00f3 en 221 millones de pesos su deuda\u00bb.<em><br \/>\n<\/em><br \/>\nLo anterior, es \u00abel resultado de la pol\u00edtica de austeridad en el manejo de los recursos del pueblo, desde el inicio de nuestra administraci\u00f3n, en octubre de 2021&#8243;, a\u00f1adi\u00f3 la mandataria estatal, quien detall\u00f3 que estos logros son el saldo de la absoluta integridad y transparencia con que se han manejado los recursos p\u00fablicos y el cumplimiento de los principios de no robar, no mentir y no traicionar al pueblo\u00bb.<\/p>\n<p style=\"text-align: justify;\">\u00abHoy podemos decir, con mucha satisfacci\u00f3n, que instituciones financieras y calificadoras internacionales conf\u00edan en Guerrero y en la estabilidad econ\u00f3mica que ha tra\u00eddo la transformaci\u00f3n. En 2022, <em><a href=\"https:\/\/www.facebook.com\/fitchratings\" target=\"_blank\" rel=\"noopener\">Fitch Ratings<\/a>, <a href=\"https:\/\/www.facebook.com\/StandardandPoors\" target=\"_blank\" rel=\"noopener\">Standard &amp; Poor\u2019s<\/a><\/em> y<a href=\"https:\/\/twitter.com\/MoodysInvSvc\" target=\"_blank\" rel=\"noopener\"><em> Moody\u2019s<\/em><\/a>, nos calificaron positivamente por nuestro manejo responsable de las finanzas p\u00fablicas, y en lo que va de 2023, Standard &amp; Poor\u2019s Global Ratings ha incrementado la calificaci\u00f3n crediticia de Guerrero\u00bb.<\/p>\n<p style=\"text-align: justify;\">\u00abEstamos haciendo historia con finanzas sanas, para poder ser generosos hacia afuera, con la confianza no s\u00f3lo del pueblo sino de instituciones como la Bolsa Mexicana de Valores, que reafirman que hoy por hoy la entidad se transforma con menos deuda, mayor liquidez y m\u00e1s estabilidad financiera\u00bb, concluy\u00f3 la Gobernadora la buena noticia compartida desde su p\u00e1gina oficial en Facebook a todos los guerrerenses.<\/p>\n<p style=\"text-align: justify;\"><em>] S\u00edguenos en Facebook.com\/<a href=\"https:\/\/www.facebook.com\/acapulcopress\" target=\"_blank\" rel=\"noopener\">acapulcopress<\/a><\/em><\/p>\n","protected":false},"excerpt":{"rendered":"<p>CHILPANCINGO * Julio 27, 2023. ) Acapulco Press \u00abCon un manejo responsable y transparente de los recursos p\u00fablicos, seguimos #TransformandoGuerrero\u00bb, subray\u00f3 la Gobernadora Evelyn Salgado Pineda, al anunciar satisfactoriamente la buena noticia de que \u00abcomo parte de los logros de nuestro primer a\u00f1o de gobierno, Guerrero disminuy\u00f3 en 221 millones de pesos su deuda\u00bb. Lo&#8230;<\/p>\n","protected":false},"author":2,"featured_media":1255682,"comment_status":"closed","ping_status":"closed","sticky":false,"template":"","format":"standard","meta":{"footnotes":""},"categories":[1972,1983,18561],"tags":[8251,8713,16857],"class_list":["post-1255681","post","type-post","status-publish","format-standard","has-post-thumbnail","hentry","category-special","category-guerrerogob","category-society-politics","tag-evelyn-salgado-pineda","tag-fitch-ratings","tag-standard-poors-y-moodys"],"_links":{"self":[{"href":"https:\/\/www.acapulcopress.com\/index.php\/wp-json\/wp\/v2\/posts\/1255681","targetHints":{"allow":["GET"]}}],"collection":[{"href":"https:\/\/www.acapulcopress.com\/index.php\/wp-json\/wp\/v2\/posts"}],"about":[{"href":"https:\/\/www.acapulcopress.com\/index.php\/wp-json\/wp\/v2\/types\/post"}],"author":[{"embeddable":true,"href":"https:\/\/www.acapulcopress.com\/index.php\/wp-json\/wp\/v2\/users\/2"}],"replies":[{"embeddable":true,"href":"https:\/\/www.acapulcopress.com\/index.php\/wp-json\/wp\/v2\/comments?post=1255681"}],"version-history":[{"count":0,"href":"https:\/\/www.acapulcopress.com\/index.php\/wp-json\/wp\/v2\/posts\/1255681\/revisions"}],"wp:featuredmedia":[{"embeddable":true,"href":"https:\/\/www.acapulcopress.com\/index.php\/wp-json\/"}],"wp:attachment":[{"href":"https:\/\/www.acapulcopress.com\/index.php\/wp-json\/wp\/v2\/media?parent=1255681"}],"wp:term":[{"taxonomy":"category","embeddable":true,"href":"https:\/\/www.acapulcopress.com\/index.php\/wp-json\/wp\/v2\/categories?post=1255681"},{"taxonomy":"post_tag","embeddable":true,"href":"https:\/\/www.acapulcopress.com\/index.php\/wp-json\/wp\/v2\/tags?post=1255681"}],"curies":[{"name":"wp","href":"https:\/\/api.w.org\/{rel}","templated":true}]}}