{"id":1255687,"date":"2023-07-27T23:48:44","date_gmt":"2023-07-28T05:48:44","guid":{"rendered":"https:\/\/www.acapulcopress.com\/?p=1255687"},"modified":"2023-07-27T23:48:44","modified_gmt":"2023-07-28T05:48:44","slug":"el-giei-cumplio-hasta-donde-le-permitieron","status":"publish","type":"post","link":"https:\/\/www.acapulcopress.com\/index.php\/2023\/07\/27\/el-giei-cumplio-hasta-donde-le-permitieron\/","title":{"rendered":"El GIEI cumpli\u00f3 hasta donde le permitieron\u00a0\u00a0\u00a0"},"content":{"rendered":"<p style=\"text-align: justify;\">Marem\u00e1gnum<br \/>\n\u00bb <strong>RICARDO<\/strong> | <strong>CASTILLO BARRIENTOS<\/strong><br \/>\n<em>) Facebook \/ <a href=\"https:\/\/www.facebook.com\/ricardocastill01\" target=\"_blank\" rel=\"noopener\">Ricardo Castillo Barrientos<\/a><\/em><\/p>\n<p style=\"text-align: justify;\">El Grupo Interdisciplinario de Expertos Independientes (GIEI), de la Comisi\u00f3n Interamericana de Derechos Humanos (CIDH), de la OEA, concluy\u00f3 sus investigaciones para el esclarecimiento de la desaparici\u00f3n de los 43 estudiantes de la Normal de Ayotzinapa, sin llegar al conocimiento de la verdad de los hechos y la localizaci\u00f3n de los cuerpos de los j\u00f3venes normalistas.<\/p>\n<p style=\"text-align: justify;\">Los especialistas Carlos Beristain y \u00c1ngela Buitrago, dieron a conocer el sexto y \u00faltimo informe donde destacan los obst\u00e1culos para obtener informaci\u00f3n de las Fuerzas Armadas acerca de la desaparici\u00f3n de los alumnos de Ayotzinapa, as\u00ed como la participaci\u00f3n de algunos elementos castrenses durante la fat\u00eddica noche del 26 de septiembre de 2014.<\/p>\n<p style=\"text-align: justify;\">Desde el principio de los tr\u00e1gicos sucesos trascendi\u00f3 el origen que desencaden\u00f3 la violencia desmedida del grupo criminal \u201cGuerreros Unidos\u201d, en colusi\u00f3n con los cuerpos de seguridad p\u00fablica de los tres niveles y el Ej\u00e9rcito Mexicano, debido a que los estudiantes se hab\u00edan apoderado de un autob\u00fas que trasladar\u00eda hero\u00edna o dinero a Chicago, USA, ruta de permanente trasiego de acuerdo a datos del FBI proporcionados a la Comisi\u00f3n.<\/p>\n<p style=\"text-align: justify;\">Ocho a\u00f1os le llevaron al GIEI llegar a la conclusi\u00f3n sobre los responsables de los hechos, de los cuales 120 se encuentran en prisi\u00f3n, 12 de ellos militares y tres de alto rango, polic\u00edas municipales y la mayor\u00eda sicarios, halcones y jefes de \u201cGuerreros Unidos.<\/p>\n<p style=\"text-align: justify;\">Los expertos del GIEI siempre tuvieron el reconocimiento y apoyo de los padres de familia de los estudiantes desaparecidos y del abogado Vidulfo Rosales, pero toparon con pared en la b\u00fasqueda de mayores indicios sobre la participaci\u00f3n del Ej\u00e9rcito Mexicano, la Marina y el CISEN, a\u00fan as\u00ed se incrimin\u00f3 a varios elementos del Ej\u00e9rcito que ya se encuentran recluidos en una base militar.<\/p>\n<p style=\"text-align: justify;\">\u00a0 Otro de los detenidos de alto nivel, fue el ex procurador general de Justicia, Jes\u00fas Murillo Karam, por desaparici\u00f3n forzada, tortura y obstrucci\u00f3n a la justicia al dar origen a la versi\u00f3n de la \u201cverdad hist\u00f3rica\u201d, que result\u00f3 una falacia, mientras que Tom\u00e1s Cer\u00f3n se encuentra pr\u00f3fugo en Israel y se est\u00e1 solicitando insistentemente su extradi\u00f3n.<\/p>\n<p style=\"text-align: justify;\">El presidente Andr\u00e9s Manuel L\u00f3pez Obrador estableci\u00f3 el compromiso con los padres de familia que se conocer\u00eda la verdad a fondo sobre la desaparici\u00f3n de sus hijos hasta su localizaci\u00f3n y el castigo ejemplar de todos los responsables sin excepci\u00f3n.<\/p>\n<p style=\"text-align: justify;\">No hay duda que ya se cuenta con el diagn\u00f3stico de los sucesos, faltando el factor principal que tiene intrigada a la sociedad mexicana sobre el destino final de los estudiantes normalistas.<\/p>\n<p style=\"text-align: justify;\">Marea Baja.- Vaya el reconocimiento a las escritoras acapulque\u00f1as Blanca E. Athi\u00e9, Marxitania Ortega y Esther M. Garc\u00eda, por haber resultado ganadoras del Premio Iberoamericano de Cuento Ventosa-Arrufat y Fundaci\u00f3n Elena Poniatowska.<\/p>\n<p style=\"text-align: justify;\">Sus trabajos literarios en el g\u00e9nero cuento, fueron seleccionados entre 442 cuentos de varias partes del mundo, con lo que se confirma el talento de las mujeres guerrerenses en el campo de la literatura a nivel internacional, con la certeza que continuar\u00e1n obteniendo sendos galardones para el orgullo de Acapulco y Guerrero.<\/p>\n<p style=\"text-align: justify;\">Marea Alta.- All\u00e1 en La Monta\u00f1a Alta se est\u00e1 programando un gran evento cultural que muy raramente se llevan a cabo en esa olvidada regi\u00f3n. Tlalixtaquilla de Maldonado ser\u00e1 la sede del 4\u00ba. Festival de Folclor Internacional.<\/p>\n<p style=\"text-align: justify;\">Entre los pa\u00edses participantes figuran: Paraguay, Colombia, Polonia, Chile y M\u00e9xico, que vestir\u00e1n sus trajes t\u00edpicos al ritmo de sus m\u00fasicas y bailables que recorrer\u00e1n las principales calles de la cabecera municipal y posteriormente, iniciar la presentaci\u00f3n en la cancha central de la localidad.<\/p>\n<p style=\"text-align: justify;\">Est\u00e1 ser\u00e1 la primera vez que se realice un evento de esta magnitud, debido a la excelente coordinaci\u00f3n del MVZ, Ismael Luna Esp\u00edndola, que requiere el apoyo de la Secretar\u00eda de Cultura del Gobierno del Estado, para el mejor \u00e9xito de este encuentro cultural que tendr\u00e1 efecto el 8 de septiembre.<\/p>\n<p style=\"text-align: justify;\">Maremoto.- La alcaldesa capitalina Norma Otilia Hern\u00e1ndez Mart\u00ednez, est\u00e1 que brinca de alegr\u00eda al no comprob\u00e1rsele ninguna colusi\u00f3n de intereses con el grupo criminal de \u201cLos Ardillos\u201d y su jefe Celso Ortega Jim\u00e9nez.<\/p>\n<p style=\"text-align: justify;\">La alcaldesa chilpancingue\u00f1a ingenuamente se reuni\u00f3 con el jefe criminal con el objeto de \u201cllevar la fiesta en paz\u201d y evitar que acontecieran hechos sangrientos que causan el temor y la inseguridad de la poblaci\u00f3n.<\/p>\n<p style=\"text-align: justify;\">Por esta raz\u00f3n, la Fiscal\u00eda General de la Rep\u00fablica (FGR) y la Fiscal\u00eda General del Estado (FGE), no la han incriminado ni se\u00f1alado como responsable de alg\u00fan delito; lo que le despeja el camino para seguir buscando una senadur\u00eda o la reelecci\u00f3n en la Presidencia Municipal por Morena. Nada m\u00e1s falta saber que decide el electorado.<br \/>\n<em>] S\u00edguenos en Facebook.com\/<a href=\"https:\/\/www.facebook.com\/acapulcopress\" target=\"_blank\" rel=\"noopener\">acapulcopress<\/a><\/em><\/p>\n","protected":false},"excerpt":{"rendered":"<p>Marem\u00e1gnum \u00bb RICARDO | CASTILLO BARRIENTOS ) Facebook \/ Ricardo Castillo Barrientos El Grupo Interdisciplinario de Expertos Independientes (GIEI), de la Comisi\u00f3n Interamericana de Derechos Humanos (CIDH), de la OEA, concluy\u00f3 sus investigaciones para el esclarecimiento de la desaparici\u00f3n de los 43 estudiantes de la Normal de Ayotzinapa, sin llegar al conocimiento de la verdad&#8230;<\/p>\n","protected":false},"author":2,"featured_media":1255688,"comment_status":"closed","ping_status":"closed","sticky":false,"template":"","format":"standard","meta":{"footnotes":""},"categories":[1972,2071,1991],"tags":[6161,8691,9450,12503,15575],"class_list":["post-1255687","post","type-post","status-publish","format-standard","has-post-thumbnail","hentry","category-special","category-opinion-analisis-columnas","category-libertad-de-expresion","tag-comision-interamericana-de-derechos-humanos-cidh","tag-fiscalia-general-de-la-republica-fgr","tag-grupo-interdisciplinario-de-expertos-independientes-giei","tag-maremagnum","tag-ricardo-castillo-barrientos"],"_links":{"self":[{"href":"https:\/\/www.acapulcopress.com\/index.php\/wp-json\/wp\/v2\/posts\/1255687","targetHints":{"allow":["GET"]}}],"collection":[{"href":"https:\/\/www.acapulcopress.com\/index.php\/wp-json\/wp\/v2\/posts"}],"about":[{"href":"https:\/\/www.acapulcopress.com\/index.php\/wp-json\/wp\/v2\/types\/post"}],"author":[{"embeddable":true,"href":"https:\/\/www.acapulcopress.com\/index.php\/wp-json\/wp\/v2\/users\/2"}],"replies":[{"embeddable":true,"href":"https:\/\/www.acapulcopress.com\/index.php\/wp-json\/wp\/v2\/comments?post=1255687"}],"version-history":[{"count":0,"href":"https:\/\/www.acapulcopress.com\/index.php\/wp-json\/wp\/v2\/posts\/1255687\/revisions"}],"wp:featuredmedia":[{"embeddable":true,"href":"https:\/\/www.acapulcopress.com\/index.php\/wp-json\/"}],"wp:attachment":[{"href":"https:\/\/www.acapulcopress.com\/index.php\/wp-json\/wp\/v2\/media?parent=1255687"}],"wp:term":[{"taxonomy":"category","embeddable":true,"href":"https:\/\/www.acapulcopress.com\/index.php\/wp-json\/wp\/v2\/categories?post=1255687"},{"taxonomy":"post_tag","embeddable":true,"href":"https:\/\/www.acapulcopress.com\/index.php\/wp-json\/wp\/v2\/tags?post=1255687"}],"curies":[{"name":"wp","href":"https:\/\/api.w.org\/{rel}","templated":true}]}}