{"id":1255690,"date":"2023-07-27T08:49:50","date_gmt":"2023-07-27T14:49:50","guid":{"rendered":"https:\/\/www.acapulcopress.com\/?p=1255690"},"modified":"2023-07-27T08:49:50","modified_gmt":"2023-07-27T14:49:50","slug":"presento-gobernadora-programa-juvenil-cultura-y-artistico-do-re-mi-fa-sol","status":"publish","type":"post","link":"https:\/\/www.acapulcopress.com\/index.php\/2023\/07\/27\/presento-gobernadora-programa-juvenil-cultura-y-artistico-do-re-mi-fa-sol\/","title":{"rendered":"Present\u00f3 Gobernadora programa juvenil, cultura y art\u00edstico \u00abDo, Re, Mi, Fa, Sol\u00bb"},"content":{"rendered":"<p style=\"text-align: justify;\">CHILPANCINGO * Julio 27, 2023.<br \/>\n<em>) Gobierno de Guerrero<\/em><br \/>\nInvertir en el bienestar de la juventud es esencial para construir una sociedad m\u00e1s inclusiva con un desarrollo integral, afirm\u00f3 la gobernadora <a href=\"https:\/\/www.facebook.com\/EvelynSalgadoP\" target=\"_blank\" rel=\"noopener\">Evelyn Salgado Pineda<\/a> al dar a conocer que a trav\u00e9s de la Secretar\u00eda de la Juventud y la Ni\u00f1ez, impulsa el programa: \u00abDo, Re, Mi, Fa, Sol\u00bb, dirigido principalmente a las y los j\u00f3venes guerrerenses.<\/p>\n<p style=\"text-align: justify;\">Este programa, mencion\u00f3 la mandataria en sus redes sociales, surge como respuesta a la necesidad de abordar los retos y problem\u00e1ticas que enfrenta la juventud en Guerrero a trav\u00e9s del potencial que tiene la m\u00fasica y el arte para transformar vidas y comunidades al promover la expresi\u00f3n, el desarrollo personal y la sana convivencia.<\/p>\n<p style=\"text-align: justify;\">El programa \u00abDo, Re, Mi, Fa, Sol\u00bb, tiene como eje central la promoci\u00f3n de la m\u00fasica y el arte entre la juventud guerrerense. Para ello, se llevar\u00e1n a cabo conciertos y actividades art\u00edsticas en distintos municipios del estado.<\/p>\n<p style=\"text-align: justify;\">Estas actividades contar\u00e1n con la participaci\u00f3n de m\u00fasicos, artistas y expertos en el campo cultural, quienes ofrecer\u00e1n presentaciones, talleres, charlas y actividades interactivas relacionadas con la m\u00fasica, el canto, la danza, el teatro, la pintura y otras manifestaciones art\u00edsticas.<\/p>\n<p style=\"text-align: justify;\">El programa fomentar\u00e1 la inclusi\u00f3n social al reunir a j\u00f3venes de diversos contextos y culturas, creando un ambiente de respeto y tolerancia que promueva la convivencia pac\u00edfica y la integraci\u00f3n, objetivo del gobierno del estado que encabeza la gobernadora Evelyn Salgado Pineda a fin de generar un impacto positivo y contribuir al fortalecimiento social y cultural\u00a0de\u00a0la\u00a0regi\u00f3n.<\/p>\n<div style=\"width: 848px;\" class=\"wp-video\"><video class=\"wp-video-shortcode\" id=\"video-1255690-1\" width=\"848\" height=\"480\" preload=\"metadata\" controls=\"controls\"><source type=\"video\/mp4\" src=\"https:\/\/www.acapulcopress.com\/wp-content\/uploads\/2023\/07\/Do-Re-Mi-Fa-Sol.mp4?_=1\" \/><a href=\"https:\/\/www.acapulcopress.com\/wp-content\/uploads\/2023\/07\/Do-Re-Mi-Fa-Sol.mp4\">https:\/\/www.acapulcopress.com\/wp-content\/uploads\/2023\/07\/Do-Re-Mi-Fa-Sol.mp4<\/a><\/video><\/div>\n<p style=\"text-align: justify;\"><em>] S\u00edguenos en Facebook.com\/<a href=\"https:\/\/www.facebook.com\/acapulcopress\" target=\"_blank\" rel=\"noopener\">acapulcopress<\/a><\/em><\/p>\n","protected":false},"excerpt":{"rendered":"<p>CHILPANCINGO * Julio 27, 2023. ) Gobierno de Guerrero Invertir en el bienestar de la juventud es esencial para construir una sociedad m\u00e1s inclusiva con un desarrollo integral, afirm\u00f3 la gobernadora Evelyn Salgado Pineda al dar a conocer que a trav\u00e9s de la Secretar\u00eda de la Juventud y la Ni\u00f1ez, impulsa el programa: \u00abDo, Re,&#8230;<\/p>\n","protected":false},"author":2,"featured_media":1255691,"comment_status":"closed","ping_status":"closed","sticky":false,"template":"","format":"standard","meta":{"footnotes":""},"categories":[1972,1983,18561],"tags":[7420,8251,9302],"class_list":["post-1255690","post","type-post","status-publish","format-standard","has-post-thumbnail","hentry","category-special","category-guerrerogob","category-society-politics","tag-do-re-mi-fa-sol","tag-evelyn-salgado-pineda","tag-gobierno-de-guerrero"],"_links":{"self":[{"href":"https:\/\/www.acapulcopress.com\/index.php\/wp-json\/wp\/v2\/posts\/1255690","targetHints":{"allow":["GET"]}}],"collection":[{"href":"https:\/\/www.acapulcopress.com\/index.php\/wp-json\/wp\/v2\/posts"}],"about":[{"href":"https:\/\/www.acapulcopress.com\/index.php\/wp-json\/wp\/v2\/types\/post"}],"author":[{"embeddable":true,"href":"https:\/\/www.acapulcopress.com\/index.php\/wp-json\/wp\/v2\/users\/2"}],"replies":[{"embeddable":true,"href":"https:\/\/www.acapulcopress.com\/index.php\/wp-json\/wp\/v2\/comments?post=1255690"}],"version-history":[{"count":0,"href":"https:\/\/www.acapulcopress.com\/index.php\/wp-json\/wp\/v2\/posts\/1255690\/revisions"}],"wp:featuredmedia":[{"embeddable":true,"href":"https:\/\/www.acapulcopress.com\/index.php\/wp-json\/"}],"wp:attachment":[{"href":"https:\/\/www.acapulcopress.com\/index.php\/wp-json\/wp\/v2\/media?parent=1255690"}],"wp:term":[{"taxonomy":"category","embeddable":true,"href":"https:\/\/www.acapulcopress.com\/index.php\/wp-json\/wp\/v2\/categories?post=1255690"},{"taxonomy":"post_tag","embeddable":true,"href":"https:\/\/www.acapulcopress.com\/index.php\/wp-json\/wp\/v2\/tags?post=1255690"}],"curies":[{"name":"wp","href":"https:\/\/api.w.org\/{rel}","templated":true}]}}