{"id":1255699,"date":"2023-07-28T15:14:09","date_gmt":"2023-07-28T21:14:09","guid":{"rendered":"https:\/\/www.acapulcopress.com\/?p=1255699"},"modified":"2023-07-28T15:14:09","modified_gmt":"2023-07-28T21:14:09","slug":"grupo-armado-quema-un-trailer-y-un-camion-refresquero-en-chiapas","status":"publish","type":"post","link":"https:\/\/www.acapulcopress.com\/index.php\/2023\/07\/28\/grupo-armado-quema-un-trailer-y-un-camion-refresquero-en-chiapas\/","title":{"rendered":"Grupo armado quema un trailer y un cami\u00f3n refresquero en Chiapas"},"content":{"rendered":"<p style=\"text-align: justify;\">VENUSTIANO CARRANZA, Chiapas * Julio 28, 2023.<br \/>\n<em>) <a href=\"https:\/\/latinus.us\/2023\/07\/28\/hombres-encapuchados-fuertemente-armados-incendian-dos-vehiculos-municipio-chiapaneco-venustiano-carranza\/\" target=\"_blank\" rel=\"noopener\">LatinUs<\/a><\/em><\/p>\n<p style=\"text-align: justify;\">En un acto de violencia que ha generado alarma en la zona, hombres encapuchados y fuertemente armados han incendiado dos veh\u00edculos en la entrada de Venustiano Carranza, Chiapas. El suceso ocurri\u00f3 hoy por la ma\u00f1ana y las autoridades est\u00e1n respondiendo a la emergencia.<\/p>\n<p style=\"text-align: justify;\">Hasta el momento, no se tiene informaci\u00f3n sobre heridos o v\u00edctimas relacionadas con el incidente. No obstante, las autoridades municipales, estatales y los bomberos han sido llamados con urgencia para atender la situaci\u00f3n y verificar si hay personas afectadas.<\/p>\n<p style=\"text-align: justify;\">Los veh\u00edculos afectados pertenecen a empresas privadas reconocidas, como Tiusa y Pepsi. Testigos presenciales mencionaron que individuos encapuchados y armados sometieron a los conductores y procedieron a incendiar los veh\u00edculos sin motivo aparente. Tras llevar a cabo el acto vand\u00e1lico, el grupo responsable se retir\u00f3 hacia Venustiano Carranza.<\/p>\n<p style=\"text-align: justify;\">Hasta el momento, no se ha registrado presencia policial ni de ninguna otra autoridad en la zona del incidente. Por esta raz\u00f3n, se recomienda a la poblaci\u00f3n evitar circular por el \u00e1rea debido al peligro latente que representa.<\/p>\n<p style=\"text-align: justify;\">Es importante mencionar que desde el d\u00eda lunes, habitantes de diferentes comunidades y ejidos de Venustiano Carranza han realizado bloqueos carreteros en el tramo Pujiltic-Carranza, espec\u00edficamente en la comunidad de El Cascajal. Esta acci\u00f3n ha generado preocupaci\u00f3n y molestia entre los conductores y transe\u00fantes que utilizan esa v\u00eda, ya que los manifestantes impiden el paso a todo tipo de veh\u00edculos.<\/p>\n<p style=\"text-align: justify;\">Seg\u00fan los reportes, los manifestantes se muestran agresivos y no est\u00e1n permitiendo el tr\u00e1nsito de ninguna persona o veh\u00edculo, excepto en casos de emergencia o ambulancias. Aunque han permitido el paso a algunos veh\u00edculos relacionados con el trabajo, se advierte a las personas que transitan por ese lugar que extremen las precauciones debido al ambiente tenso y la actitud hostil de los manifestantes.<\/p>\n<p style=\"text-align: justify;\">Hasta el momento, se desconocen los motivos precisos de la protesta y los objetivos que persiguen los habitantes de Venustiano Carranza con este bloqueo.<\/p>\n<p style=\"text-align: justify;\">En redes sociales, algunos habitantes de Carranza han manifestado estar hartos de la inseguridad, los robos y secuestros que aquejan al municipio.<\/p>\n<p style=\"text-align: justify;\">Adem\u00e1s, en un esfuerzo por encontrar una soluci\u00f3n pac\u00edfica al conflicto agrario que ha perdurado por m\u00e1s de cincuenta a\u00f1os entre la Organizaci\u00f3n Campesina Emiliano Zapata (OCEZ-Casa del Pueblo) y la Alianza San Bartolom\u00e9 de los Llanos en Venustiano Carranza, se llev\u00f3 a cabo una mesa de di\u00e1logo con representantes de ambas partes y la presencia de funcionarios de diferentes niveles de gobierno. Esta reuni\u00f3n busca alcanzar acuerdos leg\u00edtimos mediante el di\u00e1logo para dirimir diferendos y poner fin a las tensiones territoriales que han afectado a la comunidad.<\/p>\n<p style=\"text-align: justify;\">Cabe mencionar que la situaci\u00f3n en Venustiano Carranza es delicada y las autoridades contin\u00faan trabajando para esclarecer los hechos del incendio de los veh\u00edculos y abordar las demandas y preocupaciones de la poblaci\u00f3n.<\/p>\n<p style=\"text-align: justify;\">Se espera que en las pr\u00f3ximas horas se emita un comunicado oficial con m\u00e1s informaci\u00f3n sobre estos lamentables sucesos y las acciones tomadas para garantizar la seguridad en la regi\u00f3n.<\/p>\n<p style=\"text-align: justify;\"><em>] S\u00edguenos en Facebook.com\/<a href=\"https:\/\/www.facebook.com\/acapulcopress\" target=\"_blank\" rel=\"noopener\">acapulcopress<\/a><\/em><\/p>\n","protected":false},"excerpt":{"rendered":"<p>VENUSTIANO CARRANZA, Chiapas * Julio 28, 2023. ) LatinUs En un acto de violencia que ha generado alarma en la zona, hombres encapuchados y fuertemente armados han incendiado dos veh\u00edculos en la entrada de Venustiano Carranza, Chiapas. El suceso ocurri\u00f3 hoy por la ma\u00f1ana y las autoridades est\u00e1n respondiendo a la emergencia. Hasta el momento,&#8230;<\/p>\n","protected":false},"author":2,"featured_media":1255701,"comment_status":"closed","ping_status":"closed","sticky":false,"template":"","format":"standard","meta":{"footnotes":""},"categories":[2019],"tags":[3686,14014,14483,17226],"class_list":["post-1255699","post","type-post","status-publish","format-standard","has-post-thumbnail","hentry","category-popular-news","tag-alianza-san-bartolome-de-los-llanos","tag-organizacion-campesina-emiliano-zapata-ocez-casa-del-pueblo","tag-pepsi","tag-tiusa"],"_links":{"self":[{"href":"https:\/\/www.acapulcopress.com\/index.php\/wp-json\/wp\/v2\/posts\/1255699","targetHints":{"allow":["GET"]}}],"collection":[{"href":"https:\/\/www.acapulcopress.com\/index.php\/wp-json\/wp\/v2\/posts"}],"about":[{"href":"https:\/\/www.acapulcopress.com\/index.php\/wp-json\/wp\/v2\/types\/post"}],"author":[{"embeddable":true,"href":"https:\/\/www.acapulcopress.com\/index.php\/wp-json\/wp\/v2\/users\/2"}],"replies":[{"embeddable":true,"href":"https:\/\/www.acapulcopress.com\/index.php\/wp-json\/wp\/v2\/comments?post=1255699"}],"version-history":[{"count":0,"href":"https:\/\/www.acapulcopress.com\/index.php\/wp-json\/wp\/v2\/posts\/1255699\/revisions"}],"wp:featuredmedia":[{"embeddable":true,"href":"https:\/\/www.acapulcopress.com\/index.php\/wp-json\/"}],"wp:attachment":[{"href":"https:\/\/www.acapulcopress.com\/index.php\/wp-json\/wp\/v2\/media?parent=1255699"}],"wp:term":[{"taxonomy":"category","embeddable":true,"href":"https:\/\/www.acapulcopress.com\/index.php\/wp-json\/wp\/v2\/categories?post=1255699"},{"taxonomy":"post_tag","embeddable":true,"href":"https:\/\/www.acapulcopress.com\/index.php\/wp-json\/wp\/v2\/tags?post=1255699"}],"curies":[{"name":"wp","href":"https:\/\/api.w.org\/{rel}","templated":true}]}}