{"id":1255713,"date":"2023-07-28T20:27:16","date_gmt":"2023-07-29T02:27:16","guid":{"rendered":"https:\/\/www.acapulcopress.com\/?p=1255713"},"modified":"2023-07-28T20:27:16","modified_gmt":"2023-07-29T02:27:16","slug":"frenan-proceso-penal-contra-jesus-murillo-karam","status":"publish","type":"post","link":"https:\/\/www.acapulcopress.com\/index.php\/2023\/07\/28\/frenan-proceso-penal-contra-jesus-murillo-karam\/","title":{"rendered":"Frenan proceso penal contra Jes\u00fas Murillo Karam"},"content":{"rendered":"<p style=\"text-align: justify;\">CIUDAD DE M\u00c9XICO * Julio 28, 2023.<br \/>\n<em>) <a href=\"https:\/\/www.proceso.com.mx\/nacional\/2023\/7\/28\/juez-frena-proceso-penal-contra-jesus-murillo-karam-por-desaparicion-tortura-en-caso-ayotzinapa-311696.html\" target=\"_blank\" rel=\"noopener\">Apro<\/a><\/em><\/p>\n<p style=\"text-align: justify;\">Un juez federal suspendi\u00f3 el proceso penal que enfrenta el exprocurador General de la Rep\u00fablica, Jes\u00fas Murillo Karam por desaparici\u00f3n forzada, tortura y delitos contra la administraci\u00f3n de justicia por el caso Ayotzinapa.<\/p>\n<p style=\"text-align: justify;\">El juez Segundo de Distrito de Amparo en materia Penal en la Ciudad de M\u00e9xico orden\u00f3 frenar el primer proceso penal iniciado contra Murillo Karam en el que la Fiscal\u00eda General de la Rep\u00fablica (FGR) solicit\u00f3 imponerle 82 a\u00f1os de prisi\u00f3n, hasta que se resuelva si se admiten o no diversas pruebas ofrecidas por su defensa.<\/p>\n<p style=\"text-align: justify;\">Entre esas pruebas se encuentran documentales con m\u00e1s que el exprocurador busca desestimar las imputaciones en su contra.<\/p>\n<p style=\"text-align: justify;\">La audiencia intermedia en este caso est\u00e1 programada para septiembre pr\u00f3ximo, sin embargo, debido a la suspensi\u00f3n definitiva no se puede realizar hasta que el juez dicte su sentencia de amparo.<\/p>\n<p style=\"text-align: justify;\">Esto debido a que la audiencia intermedia es el momento procesal en el que la fiscal\u00eda y el imputado debaten sobre las pruebas que buscan desahogar durante el juicio y si el juez de amparo ordena admitir las pruebas de Murillo Karam, estas deber\u00e1n formar parte del debate en dicha diligencia.<\/p>\n<p style=\"text-align: justify;\">La FGR se\u00f1al\u00f3 a Murillo Karam de ser el art\u00edfice de la llamada \u201cverdad hist\u00f3rica\u201d en el caso Ayotzinapa y por tanto lo consider\u00f3 responsable de que los 43 normalistas permanezcan desaparecidos despu\u00e9s de casi 9 a\u00f1os.<\/p>\n<p style=\"text-align: justify;\">Por ello, los fiscales solicitaron una pena de 60 a\u00f1os de c\u00e1rcel por desaparici\u00f3n forzada; 12 a\u00f1os por tortura y 10 por delitos contra administraci\u00f3n de la justicia, as\u00ed como el pago de 20 mil d\u00edas de multa, equivalentes a 1 mill\u00f3n 792 mil 400 pesos.<\/p>\n<p style=\"text-align: justify;\"><em>] S\u00edguenos en Facebook.com\/acapulcopress<\/em><\/p>\n","protected":false},"excerpt":{"rendered":"<p>CIUDAD DE M\u00c9XICO * Julio 28, 2023. ) Apro Un juez federal suspendi\u00f3 el proceso penal que enfrenta el exprocurador General de la Rep\u00fablica, Jes\u00fas Murillo Karam por desaparici\u00f3n forzada, tortura y delitos contra la administraci\u00f3n de justicia por el caso Ayotzinapa. El juez Segundo de Distrito de Amparo en materia Penal en la Ciudad&#8230;<\/p>\n","protected":false},"author":2,"featured_media":0,"comment_status":"closed","ping_status":"closed","sticky":false,"template":"","format":"standard","meta":{"footnotes":""},"categories":[1997],"tags":[],"class_list":["post-1255713","post","type-post","status-publish","format-standard","hentry","category-noticias-destacadas"],"_links":{"self":[{"href":"https:\/\/www.acapulcopress.com\/index.php\/wp-json\/wp\/v2\/posts\/1255713","targetHints":{"allow":["GET"]}}],"collection":[{"href":"https:\/\/www.acapulcopress.com\/index.php\/wp-json\/wp\/v2\/posts"}],"about":[{"href":"https:\/\/www.acapulcopress.com\/index.php\/wp-json\/wp\/v2\/types\/post"}],"author":[{"embeddable":true,"href":"https:\/\/www.acapulcopress.com\/index.php\/wp-json\/wp\/v2\/users\/2"}],"replies":[{"embeddable":true,"href":"https:\/\/www.acapulcopress.com\/index.php\/wp-json\/wp\/v2\/comments?post=1255713"}],"version-history":[{"count":0,"href":"https:\/\/www.acapulcopress.com\/index.php\/wp-json\/wp\/v2\/posts\/1255713\/revisions"}],"wp:attachment":[{"href":"https:\/\/www.acapulcopress.com\/index.php\/wp-json\/wp\/v2\/media?parent=1255713"}],"wp:term":[{"taxonomy":"category","embeddable":true,"href":"https:\/\/www.acapulcopress.com\/index.php\/wp-json\/wp\/v2\/categories?post=1255713"},{"taxonomy":"post_tag","embeddable":true,"href":"https:\/\/www.acapulcopress.com\/index.php\/wp-json\/wp\/v2\/tags?post=1255713"}],"curies":[{"name":"wp","href":"https:\/\/api.w.org\/{rel}","templated":true}]}}