{"id":1255727,"date":"2023-07-31T18:22:16","date_gmt":"2023-08-01T00:22:16","guid":{"rendered":"https:\/\/www.acapulcopress.com\/?p=1255727"},"modified":"2023-07-31T18:22:16","modified_gmt":"2023-08-01T00:22:16","slug":"muere-a-los-25-anos-de-edad-angus-cloud-estrella-revelacion-de-la-serie-hbo-euphoria","status":"publish","type":"post","link":"https:\/\/www.acapulcopress.com\/index.php\/2023\/07\/31\/muere-a-los-25-anos-de-edad-angus-cloud-estrella-revelacion-de-la-serie-hbo-euphoria\/","title":{"rendered":"Muere a los 25 a\u00f1os de edad Angus Cloud, estrella revelaci\u00f3n de la serie HBO &#8216;Euphoria&#8217;"},"content":{"rendered":"<p style=\"text-align: justify;\">LOS \u00c1NGELES * Julio 31, 2023.<br \/>\n<em>) <a href=\"https:\/\/apnews.com\/article\/angus-cloud-dead-obit-euphoria-b5dac0a278f3de45b12d17351255427c\" target=\"_blank\" rel=\"noopener\">AP<\/a><\/em><br \/>\nAngus Cloud, el actor que interpret\u00f3 al narcotraficante Fezco \u201cFez\u201d O&#8217;Neill en la serie de HBO \u201cEuphoria\u201d, falleci\u00f3. Ten\u00eda 25 a\u00f1os.<\/p>\n<p style=\"text-align: justify;\">La publicista de Cloud, Cait Bailey, dijo que Cloud muri\u00f3 el lunes en la casa de su familia en Oakland, California. No se dio ninguna causa de muerte.<\/p>\n<p style=\"text-align: justify;\">En un comunicado, la familia de Cloud se despidi\u00f3 de \u201cun artista, un amigo, un hermano y un hijo.<\/p>\n<p style=\"text-align: justify;\">\u201cLa semana pasada enterr\u00f3 a su padre y luch\u00f3 intensamente con esta p\u00e9rdida\u201d, dijo la familia. \u201cEl \u00fanico consuelo que tenemos es saber que Angus ahora se reuni\u00f3 con su padre, quien era su mejor amigo. Angus habl\u00f3 abiertamente sobre su batalla con la salud mental y esperamos que su fallecimiento pueda ser un recordatorio para otros de que no est\u00e1n solos y no deben luchar solos en silencio\u201d.<\/p>\n<p style=\"text-align: justify;\">\u201cEsperamos que el mundo lo recuerde por su humor, risa y amor por todos\u201d, agreg\u00f3 su familia.<\/p>\n<p style=\"text-align: justify;\">Cloud no hab\u00eda actuado antes de ser elegido para \u00abEuphoria\u00bb. Estaba caminando por la calle en Nueva York cuando la cazatalentos El\u00e9onore Hendricks lo not\u00f3. Cloud se resisti\u00f3 al principio, sospechando una estafa. Luego, la directora de casting Jennifer Venditti se reuni\u00f3 con \u00e9l y el creador de la serie, Sam Levinson, finalmente lo convirti\u00f3 en coprotagonista de la serie junto a Zendaya durante sus dos primeras temporadas.<\/p>\n<p style=\"text-align: justify;\">Para algunos, Cloud parec\u00eda tan natural como Fez que sospechaban que era id\u00e9ntico al personaje, una idea que Cloud rechaz\u00f3.<\/p>\n<p style=\"text-align: justify;\">\u201cMe molesta cuando la gente dice: &#8216;\u00a1Debe ser tan f\u00e1cil! Puedes entrar y ser t\u00fa mismo. Estoy como, &#8216;\u00bfPor qu\u00e9 no vas y haces eso?&#8217; No es tan simple\u201d, dijo Cloud a Variety. \u201cAport\u00e9 mucho al personaje. Puedes creer lo que quieras. No tiene nada que ver conmigo.<\/p>\n<p style=\"text-align: justify;\">El papel convirti\u00f3 a Cloud en la estrella emergente de uno de los programas m\u00e1s animados de la televisi\u00f3n. Tuvo un papel secundario en su primera pel\u00edcula, \u00abThe Line\u00bb, un drama universitario protagonizado por Alex Wolff y John Malkovich que se estren\u00f3 a principios de este a\u00f1o en el Festival de Tribeca. Cloud fue elegido recientemente para coprotagonizar \u00abScream 6\u00bb. Tambi\u00e9n hizo cameos en videos musicales de Juice WRLD, Becky G y Karol G.<\/p>\n<p style=\"text-align: justify;\">La tercera temporada de \u201cEuphoria\u201d a\u00fan no ha comenzado a filmarse.<\/p>\n<p style=\"text-align: justify;\">\u201cEstamos incre\u00edblemente entristecidos al enterarnos del fallecimiento de Angus Cloud\u201d, dijo HBO en un comunicado. \u201cEra inmensamente talentoso y una parte querida de la familia HBO y &#8216;Euphoria&#8217;. Expresamos nuestras m\u00e1s profundas condolencias a sus amigos y familiares durante este momento dif\u00edcil\u201d.<\/p>\n<p style=\"text-align: justify;\"><em>] S\u00edguenos en Facebook.com\/<a href=\"https:\/\/www.facebook.com\/acapulcopress\" target=\"_blank\" rel=\"noopener\">acapulcopress<\/a><\/em><\/p>\n","protected":false},"excerpt":{"rendered":"<p>LOS \u00c1NGELES * Julio 31, 2023. ) AP Angus Cloud, el actor que interpret\u00f3 al narcotraficante Fezco \u201cFez\u201d O&#8217;Neill en la serie de HBO \u201cEuphoria\u201d, falleci\u00f3. Ten\u00eda 25 a\u00f1os. La publicista de Cloud, Cait Bailey, dijo que Cloud muri\u00f3 el lunes en la casa de su familia en Oakland, California. No se dio ninguna causa&#8230;<\/p>\n","protected":false},"author":2,"featured_media":1255728,"comment_status":"closed","ping_status":"closed","sticky":false,"template":"","format":"standard","meta":{"footnotes":""},"categories":[18563,1988],"tags":[8597,9690],"class_list":["post-1255727","post","type-post","status-publish","format-standard","has-post-thumbnail","hentry","category-entretenimiento","category-lifestyles","tag-fezco-fez-oneill","tag-hbo-euphoria"],"_links":{"self":[{"href":"https:\/\/www.acapulcopress.com\/index.php\/wp-json\/wp\/v2\/posts\/1255727","targetHints":{"allow":["GET"]}}],"collection":[{"href":"https:\/\/www.acapulcopress.com\/index.php\/wp-json\/wp\/v2\/posts"}],"about":[{"href":"https:\/\/www.acapulcopress.com\/index.php\/wp-json\/wp\/v2\/types\/post"}],"author":[{"embeddable":true,"href":"https:\/\/www.acapulcopress.com\/index.php\/wp-json\/wp\/v2\/users\/2"}],"replies":[{"embeddable":true,"href":"https:\/\/www.acapulcopress.com\/index.php\/wp-json\/wp\/v2\/comments?post=1255727"}],"version-history":[{"count":0,"href":"https:\/\/www.acapulcopress.com\/index.php\/wp-json\/wp\/v2\/posts\/1255727\/revisions"}],"wp:featuredmedia":[{"embeddable":true,"href":"https:\/\/www.acapulcopress.com\/index.php\/wp-json\/"}],"wp:attachment":[{"href":"https:\/\/www.acapulcopress.com\/index.php\/wp-json\/wp\/v2\/media?parent=1255727"}],"wp:term":[{"taxonomy":"category","embeddable":true,"href":"https:\/\/www.acapulcopress.com\/index.php\/wp-json\/wp\/v2\/categories?post=1255727"},{"taxonomy":"post_tag","embeddable":true,"href":"https:\/\/www.acapulcopress.com\/index.php\/wp-json\/wp\/v2\/tags?post=1255727"}],"curies":[{"name":"wp","href":"https:\/\/api.w.org\/{rel}","templated":true}]}}