{"id":1255744,"date":"2023-07-31T20:07:30","date_gmt":"2023-08-01T02:07:30","guid":{"rendered":"https:\/\/www.acapulcopress.com\/?p=1255744"},"modified":"2023-07-31T20:07:30","modified_gmt":"2023-08-01T02:07:30","slug":"detienen-en-espana-a-lider-de-los-zetas-en-europa","status":"publish","type":"post","link":"https:\/\/www.acapulcopress.com\/index.php\/2023\/07\/31\/detienen-en-espana-a-lider-de-los-zetas-en-europa\/","title":{"rendered":"Detienen en Espa\u00f1a a l\u00edder de los Zetas en Europa"},"content":{"rendered":"<p style=\"text-align: justify;\">MADRID * Julio 31, 2023.<br \/>\n<em>) <a href=\"https:\/\/www.rtve.es\/noticias\/20230731\/detenido-grupo-policial-cartel-mexicano-zetas\/2453137.shtml\" target=\"_blank\" rel=\"noopener\">RTV<\/a><\/em><br \/>\nLa Polic\u00eda Nacional detuvo al l\u00edder del c\u00e1rtel de la droga mexicano de \u00abLos Zetas\u00bb en una intervenci\u00f3n para evitar la implantaci\u00f3n de esta organizaci\u00f3n criminal en Espa\u00f1a.<\/p>\n<p style=\"text-align: justify;\">En la operaci\u00f3n, desarrollada en colaboraci\u00f3n con la Polic\u00eda Nacional de Colombia y la Oficina de Investigaciones de Seguridad Nacional de Estados Unidos, tambi\u00e9n fueron detenidas otras cuatro personas y fueron intervenidos 400 kilos de coca\u00edna, 220 mil euros en efectivo, diez tel\u00e9fonos y documentaci\u00f3n de inter\u00e9s.<\/p>\n<p style=\"text-align: justify;\"><strong>Segundo operativo de la Polic\u00eda contra el asentamiento de los Zetas<\/strong><\/p>\n<p style=\"text-align: justify;\">Se trata del segundo operativo de la Polic\u00eda contra el asentamiento de los Zetas en Espa\u00f1a despu\u00e9s de que en marzo de 2016 fuera detenido, tambi\u00e9n en la capital, Juan Manuel Mu\u00f1oz Lu\u00e9vano, alias el \u00abMono Mu\u00f1oz\u00bb, considerado el enlace del cartel mexicano en Europa.<\/p>\n<p style=\"text-align: justify;\">Fuentes de la investigaci\u00f3n han detallado que en esta ocasi\u00f3n el presunto representante del c\u00e1rtel en Europa es marroqu\u00ed, responde al nombre de Said y tiene 54 a\u00f1os de edad.<\/p>\n<p style=\"text-align: justify;\">La investigaci\u00f3n sobre la figura de la nueva cara visible de los Zetas se inici\u00f3 al conocerse que ten\u00eda su residencia habitual en Madrid, aunque llevaba una vida n\u00f3mada con constantes desplazamientos que dificultaron el trabajo policial, segun ha informado la Direcci\u00f3n General de la Polic\u00eda.<\/p>\n<p style=\"text-align: justify;\"><strong>Investigaci\u00f3n policial<br \/>\n<\/strong><br \/>\nLos agentes fueron comprobando el rol que desempe\u00f1aban los investigados en el seno de la organizaci\u00f3n, adem\u00e1s de constatar que el l\u00edder distribu\u00eda a personas de su confianza por Espa\u00f1a y Europa, concretamente en Pa\u00edses Bajos.<\/p>\n<p style=\"text-align: justify;\">El principal investigado manten\u00eda constantes reuniones con diferentes personas, por lo que la Polic\u00eda tuvo que realizar una labor de filtraci\u00f3n para centrar las pesquisas en aquellas relevantes para la investigaci\u00f3n.<\/p>\n<p style=\"text-align: justify;\">En los \u00faltimos meses el l\u00edder europeo de los Zetas increment\u00f3 las medidas de seguridad, as\u00ed como las reuniones, lo que hizo pensar a los agentes que se pod\u00eda encontrar en la fase final de una importaci\u00f3n de coca\u00edna.<\/p>\n<p style=\"text-align: justify;\">De entre las personas que manten\u00edan encuentros con el investigado la Polic\u00eda pudo identificar a un hombre apodado \u00abRepetido\u00bb, alias atribuido a un hermano trillizo de origen colombiano y conocido en el mundo del narcotr\u00e1fico.<\/p>\n<p style=\"text-align: justify;\">As\u00ed la Polic\u00eda intensific\u00f3 los trabajos con la intenci\u00f3n de abortar la transacci\u00f3n que se estaba gestando.<\/p>\n<p style=\"text-align: justify;\">Tras detectar un contacto entre los narcotraficantes, los agentes espa\u00f1oles y colombianos llevaron a cabo el operativo que desarticul\u00f3 a los representantes de los Zetas en ambos pa\u00edses, as\u00ed como sus ramificaciones en otros territorios.<\/p>\n<div style=\"width: 1160px;\" class=\"wp-video\"><video class=\"wp-video-shortcode\" id=\"video-1255744-1\" width=\"1160\" height=\"653\" preload=\"metadata\" controls=\"controls\"><source type=\"video\/mp4\" src=\"https:\/\/www.acapulcopress.com\/wp-content\/uploads\/2023\/07\/CAPTURA-LIDER-ZETA-EUROPA.mp4?_=1\" \/><a href=\"https:\/\/www.acapulcopress.com\/wp-content\/uploads\/2023\/07\/CAPTURA-LIDER-ZETA-EUROPA.mp4\">https:\/\/www.acapulcopress.com\/wp-content\/uploads\/2023\/07\/CAPTURA-LIDER-ZETA-EUROPA.mp4<\/a><\/video><\/div>\n<p style=\"text-align: justify;\"><em>] S\u00edguenos en Facebook.com\/<a href=\"https:\/\/www.facebook.com\/acapulcopress\" target=\"_blank\" rel=\"noopener\">acapulcopress<\/a><\/em><\/p>\n","protected":false},"excerpt":{"rendered":"<p>MADRID * Julio 31, 2023. ) RTV La Polic\u00eda Nacional detuvo al l\u00edder del c\u00e1rtel de la droga mexicano de \u00abLos Zetas\u00bb en una intervenci\u00f3n para evitar la implantaci\u00f3n de esta organizaci\u00f3n criminal en Espa\u00f1a. En la operaci\u00f3n, desarrollada en colaboraci\u00f3n con la Polic\u00eda Nacional de Colombia y la Oficina de Investigaciones de Seguridad Nacional&#8230;<\/p>\n","protected":false},"author":2,"featured_media":1255746,"comment_status":"closed","ping_status":"closed","sticky":false,"template":"","format":"standard","meta":{"footnotes":""},"categories":[1997],"tags":[12117,14741],"class_list":["post-1255744","post","type-post","status-publish","format-standard","has-post-thumbnail","hentry","category-noticias-destacadas","tag-los-zetas","tag-policia-nacional-de-espana"],"_links":{"self":[{"href":"https:\/\/www.acapulcopress.com\/index.php\/wp-json\/wp\/v2\/posts\/1255744","targetHints":{"allow":["GET"]}}],"collection":[{"href":"https:\/\/www.acapulcopress.com\/index.php\/wp-json\/wp\/v2\/posts"}],"about":[{"href":"https:\/\/www.acapulcopress.com\/index.php\/wp-json\/wp\/v2\/types\/post"}],"author":[{"embeddable":true,"href":"https:\/\/www.acapulcopress.com\/index.php\/wp-json\/wp\/v2\/users\/2"}],"replies":[{"embeddable":true,"href":"https:\/\/www.acapulcopress.com\/index.php\/wp-json\/wp\/v2\/comments?post=1255744"}],"version-history":[{"count":0,"href":"https:\/\/www.acapulcopress.com\/index.php\/wp-json\/wp\/v2\/posts\/1255744\/revisions"}],"wp:featuredmedia":[{"embeddable":true,"href":"https:\/\/www.acapulcopress.com\/index.php\/wp-json\/"}],"wp:attachment":[{"href":"https:\/\/www.acapulcopress.com\/index.php\/wp-json\/wp\/v2\/media?parent=1255744"}],"wp:term":[{"taxonomy":"category","embeddable":true,"href":"https:\/\/www.acapulcopress.com\/index.php\/wp-json\/wp\/v2\/categories?post=1255744"},{"taxonomy":"post_tag","embeddable":true,"href":"https:\/\/www.acapulcopress.com\/index.php\/wp-json\/wp\/v2\/tags?post=1255744"}],"curies":[{"name":"wp","href":"https:\/\/api.w.org\/{rel}","templated":true}]}}