{"id":1255763,"date":"2023-07-31T21:30:02","date_gmt":"2023-08-01T03:30:02","guid":{"rendered":"https:\/\/www.acapulcopress.com\/?p=1255763"},"modified":"2023-07-31T21:30:02","modified_gmt":"2023-08-01T03:30:02","slug":"invitan-activistas-a-amlo-a-una-busqueda-para-distinga-desesperacion-y-politiqueria","status":"publish","type":"post","link":"https:\/\/www.acapulcopress.com\/index.php\/2023\/07\/31\/invitan-activistas-a-amlo-a-una-busqueda-para-distinga-desesperacion-y-politiqueria\/","title":{"rendered":"Invitan activistas a AMLO a una b\u00fasqueda para distinga &#8216;desesperaci\u00f3n&#8217; y &#8216;politiquer\u00eda&#8217;"},"content":{"rendered":"<p style=\"text-align: justify;\">CIUDAD DE M\u00c9XICO * Julio 31, 2023.<br \/>\n<em>) <a href=\"https:\/\/latinus.us\/2023\/07\/31\/ceci-flores-amlo-acompanenos-busqueda-distinguir-desesperacion-politiqueria\/\" target=\"_blank\" rel=\"noopener\"><span class=\"xv78j7m\" spellcheck=\"false\">Latinus<\/span><\/a><\/em><br \/>\n@Ceci Flores, l\u00edder del colectivo <span class=\"xv78j7m\" spellcheck=\"false\">Madres Buscadoras De Sonora<\/span>, respondi\u00f3 este lunes a la negativa del presidente <span class=\"xv78j7m\" spellcheck=\"false\">Andr\u00e9s Manuel L\u00f3pez Obrador<\/span> de reunirse con ellas al considerarlo \u201cpolitiquer\u00eda\u201d.<\/p>\n<p style=\"text-align: justify;\">\u201cVaya con nosotras a una b\u00fasqueda y le aseguro que podr\u00e1 distinguir entre desesperaci\u00f3n y \u2018politiquer\u00eda&#8217;\u201d, asegur\u00f3 la activista en un video compartido a trav\u00e9s de sus redes sociales.<\/p>\n<p style=\"text-align: justify;\">Flores extendi\u00f3 la invitaci\u00f3n para que el titular del Ejecutivo las acompa\u00f1e en alguna de las jornadas de b\u00fasqueda para que comprenda su sentir y que cambie su opini\u00f3n: \u201cSi no es as\u00ed, no lo volvemos a buscar\u201d.<\/p>\n<p style=\"text-align: justify;\">La activista asegur\u00f3 que al escuchar la declaraci\u00f3n del presidente L\u00f3pez Obrador, emitida este lunes por la ma\u00f1ana, percibi\u00f3 apat\u00eda e insensibilidad.<\/p>\n<p style=\"text-align: justify;\">\u201cLe juro que lo \u00faltimo que queremos es que se use la ausencia de nuestros desaparecidos para fines poco dignos\u201c, declar\u00f3.<\/p>\n<p style=\"text-align: justify;\">Los colectivos de madres buscadoras criticaron en d\u00edas pasados al presidente L\u00f3pez Obrador debido a que recibi\u00f3 en Palacio Nacional a Estela de Carlotto, fundadora de las Abuelas de la Plaza de Mayo de Argentina, mientras que ha evadido un encuentro con ellas.<\/p>\n<p style=\"text-align: justify;\">En respuesta, el presidente L\u00f3pez Obrador descart\u00f3 una reuni\u00f3n con colectivos de madres buscadoras tachando dicho requerimiento de \u201cpolitiquer\u00eda\u201d de los medios de comunicaci\u00f3n.<\/p>\n<p style=\"text-align: justify;\">\u201cS\u00ed (me gustar\u00eda recibirlas) pero, no, no, hay ese prop\u00f3sito manipulador, lo importante es que ayudemos en la b\u00fasqueda de los desaparecidos, y que ayudemos a los familiares y lo estamos haciendo, lo dem\u00e1s es politiquer\u00eda, es publicidad y es ese inter\u00e9s que tiene ustedes, algunos medios la mayor\u00eda lamentablemente, de atacar al gobierno de ir en contra de nosotros, con todo, por cualquier cosa\u201d, se\u00f1al\u00f3 durante su conferencia matutina.<\/p>\n<div style=\"width: 640px;\" class=\"wp-video\"><video class=\"wp-video-shortcode\" id=\"video-1255763-1\" width=\"640\" height=\"368\" preload=\"metadata\" controls=\"controls\"><source type=\"video\/mp4\" src=\"https:\/\/www.acapulcopress.com\/wp-content\/uploads\/2023\/07\/CECI-FLORES-VS-AMLO-1.mp4?_=1\" \/><a href=\"https:\/\/www.acapulcopress.com\/wp-content\/uploads\/2023\/07\/CECI-FLORES-VS-AMLO-1.mp4\">https:\/\/www.acapulcopress.com\/wp-content\/uploads\/2023\/07\/CECI-FLORES-VS-AMLO-1.mp4<\/a><\/video><\/div>\n<p style=\"text-align: justify;\"><em>] S\u00edguenos en <span class=\"xv78j7m\" spellcheck=\"false\">Facebook.com\/<a href=\"https:\/\/www.facebook.com\/acapulcopress\" target=\"_blank\" rel=\"noopener\">acapulcopress<\/a><\/span><\/em><\/p>\n","protected":false},"excerpt":{"rendered":"<p>CIUDAD DE M\u00c9XICO * Julio 31, 2023. ) Latinus @Ceci Flores, l\u00edder del colectivo Madres Buscadoras De Sonora, respondi\u00f3 este lunes a la negativa del presidente Andr\u00e9s Manuel L\u00f3pez Obrador de reunirse con ellas al considerarlo \u201cpolitiquer\u00eda\u201d. \u201cVaya con nosotras a una b\u00fasqueda y le aseguro que podr\u00e1 distinguir entre desesperaci\u00f3n y \u2018politiquer\u00eda&#8217;\u201d, asegur\u00f3 la&#8230;<\/p>\n","protected":false},"author":2,"featured_media":1255765,"comment_status":"closed","ping_status":"closed","sticky":false,"template":"","format":"standard","meta":{"footnotes":""},"categories":[1969,2005],"tags":[],"class_list":["post-1255763","post","type-post","status-publish","format-standard","has-post-thumbnail","hentry","category-trending","category-seguridad-y-justicia"],"_links":{"self":[{"href":"https:\/\/www.acapulcopress.com\/index.php\/wp-json\/wp\/v2\/posts\/1255763","targetHints":{"allow":["GET"]}}],"collection":[{"href":"https:\/\/www.acapulcopress.com\/index.php\/wp-json\/wp\/v2\/posts"}],"about":[{"href":"https:\/\/www.acapulcopress.com\/index.php\/wp-json\/wp\/v2\/types\/post"}],"author":[{"embeddable":true,"href":"https:\/\/www.acapulcopress.com\/index.php\/wp-json\/wp\/v2\/users\/2"}],"replies":[{"embeddable":true,"href":"https:\/\/www.acapulcopress.com\/index.php\/wp-json\/wp\/v2\/comments?post=1255763"}],"version-history":[{"count":0,"href":"https:\/\/www.acapulcopress.com\/index.php\/wp-json\/wp\/v2\/posts\/1255763\/revisions"}],"wp:featuredmedia":[{"embeddable":true,"href":"https:\/\/www.acapulcopress.com\/index.php\/wp-json\/"}],"wp:attachment":[{"href":"https:\/\/www.acapulcopress.com\/index.php\/wp-json\/wp\/v2\/media?parent=1255763"}],"wp:term":[{"taxonomy":"category","embeddable":true,"href":"https:\/\/www.acapulcopress.com\/index.php\/wp-json\/wp\/v2\/categories?post=1255763"},{"taxonomy":"post_tag","embeddable":true,"href":"https:\/\/www.acapulcopress.com\/index.php\/wp-json\/wp\/v2\/tags?post=1255763"}],"curies":[{"name":"wp","href":"https:\/\/api.w.org\/{rel}","templated":true}]}}