{"id":1255774,"date":"2023-08-01T18:09:56","date_gmt":"2023-08-02T00:09:56","guid":{"rendered":"https:\/\/www.acapulcopress.com\/?p=1255774"},"modified":"2023-08-01T18:09:56","modified_gmt":"2023-08-02T00:09:56","slug":"todo-lo-que-soy-he-sido-y-lo-que-se-de-politica-se-lo-debo-a-amlo-adan-augusto","status":"publish","type":"post","link":"https:\/\/www.acapulcopress.com\/index.php\/2023\/08\/01\/todo-lo-que-soy-he-sido-y-lo-que-se-de-politica-se-lo-debo-a-amlo-adan-augusto\/","title":{"rendered":"Todo lo que soy, he sido y lo que s\u00e9 de pol\u00edtica se lo debo a AMLO | Ad\u00e1n Augusto"},"content":{"rendered":"<p style=\"text-align: justify;\"><img loading=\"lazy\" decoding=\"async\" class=\"alignnone wp-image-1255777 size-large\" src=\"https:\/\/www.acapulcopress.com\/wp-content\/uploads\/2023\/08\/adan-tapachula-840x504.jpg\" alt=\"\" width=\"696\" height=\"418\" \/><\/p>\n<p>TAPACHULA, Chiapas * Agosto 1, 2023.<br \/>\n<em>) <a href=\"https:\/\/www.proceso.com.mx\/nacional\/politica\/2023\/8\/1\/el-que-me-presume-es-el-amlo-yo-solo-me-dejo-querer-adan-augusto-lopez-311893.html\" target=\"_blank\" rel=\"noopener\">Apro<\/a><\/em><\/p>\n<p style=\"text-align: justify;\">El aspirante a la Coordinaci\u00f3n Nacional de la Defensa de la Cuarta Transformaci\u00f3n, <a href=\"https:\/\/www.facebook.com\/AdanAugustoLopezHdz\" target=\"_blank\" rel=\"noopener\">Ad\u00e1n Augusto L\u00f3pez Hern\u00e1ndez<\/a>, ratific\u00f3 hoy su apoyo a la iniciativa del presidente <a href=\"https:\/\/www.facebook.com\/lopezobrador.org.mx\" target=\"_blank\" rel=\"noopener\">Andr\u00e9s Manuel L\u00f3pez Obrador<\/a> de reformar el Poder Judicial de la Federaci\u00f3n, pues dijo que ahora \u201cla justicia se vende al mejor postor, a los de cuello blanco, a los poderosos\u201d.<\/p>\n<p style=\"text-align: justify;\">Al encabezar la Asamblea Informativa en Tapachula, L\u00f3pez Hern\u00e1ndez se declar\u00f3 complacido de estar ac\u00e1, \u201cen la tierra de un chiapaneco m\u00e1s, de Andr\u00e9s Manuel L\u00f3pez Obrador, pues a nadie ac\u00e1 se le debe olvidar que Andres Manuel es tambi\u00e9n paisano de <img loading=\"lazy\" decoding=\"async\" class=\"alignleft size-medium wp-image-1255779\" src=\"https:\/\/www.acapulcopress.com\/wp-content\/uploads\/2023\/08\/adan-tapachula3-375x235.jpg\" alt=\"\" width=\"375\" height=\"235\" \/>estas tierras\u201d.<\/p>\n<p style=\"text-align: justify;\">En una reiteraci\u00f3n m\u00e1s de su promesa de dar continuidad a la pensi\u00f3n a los adultos mayores, Ad\u00e1n Augusto dijo que seguir\u00e1 esa y las otras obras y pol\u00edticas de apoyo de L\u00f3pez Obrador.<\/p>\n<p style=\"text-align: justify;\">Agreg\u00f3 que hay rumores de que se quieren quitar los apoyos sociales y, sin especificar el origen su aseveraci\u00f3n, advirti\u00f3 que esos rumores son falsos. \u201cVenga quien venga, la pensi\u00f3n universal se queda. Porque es un derecho universal, es un derecho constitucional\u201d.<\/p>\n<p style=\"text-align: justify;\"><strong>\u201cUna chachalaca de Guanajuato\u201d<\/strong><\/p>\n<p>Luego se fue contra el expresidente Vicente Fox y lo calific\u00f3 de \u201cz\u00e1ngano\u201d:<\/p>\n<p style=\"text-align: justify;\">\u201cUna chachalaca de all\u00e1 de Guanajuato anda diciendo que quiere que regrese la pensi\u00f3n para los presidentes de la Rep\u00fablica y que desaparezcan la pensi\u00f3n de los adultos mayores y los programas sociales, y usa palabras que no quiero repetir ac\u00e1 con ustedes porque el pueblo de Chiapas es un pueblo trabajador, dedicado y honesto. El z\u00e1ngano se llama Vicente Fox\u201d, indic\u00f3.<\/p>\n<p style=\"text-align: justify;\">Record\u00f3 que, si bien ahora las pensiones para adultos mayores son de s\u00f3lo 4 mil 800 bimestrales, aumentar\u00e1n a 6 mil pesos bimestrales, 25 por ciento m\u00e1s, a partir de enero de 2024, a\u00f1o de la elecci\u00f3n presidencial.<\/p>\n<p style=\"text-align: justify;\">Enseguida el aspirante morenista volvi\u00f3 a su argumentaci\u00f3n de que muchas empresas medi\u00e1ticas, como Televisa, lo tienen vetado: \u201cPero a m\u00ed, la verdad, Televisa me vale un soberano cacahuate, a m\u00ed lo que verdaderamente me importa es entrevistarme con ustedes. Y lo estamos haciendo con estas asambleas informativas\u201d.<\/p>\n<p style=\"text-align: justify;\"><strong>El \u201cconsentido\u201d de AMLO<br \/>\n<\/strong><br \/>\n\u201cCuando me dicen que soy el consentido del presidente, les digo que no, que el consentido del presidente es el pueblo de M\u00e9xico\u201d, asever\u00f3.<\/p>\n<p style=\"text-align: justify;\">Eso s\u00ed, enfatiz\u00f3 en que ambos son tabasque\u00f1os y que el presidente lo nombr\u00f3 secretario de Gobernaci\u00f3n luego de haber recorrido con \u00e9l el pa\u00eds. \u201c\u00bfA poco quer\u00edan ustedes que nombrara a Santiago Creel o a Alito Moreno?\u201d.<\/p>\n<p style=\"text-align: justify;\">Luego se\u00f1al\u00f3 que hay quienes dicen que \u00e9l presume de ser hermano del presidente, pero aclar\u00f3 que no es \u00e9l, sino el propio presidente el que lo presume como hermano. Y record\u00f3 que as\u00ed lo hizo cuando lo present\u00f3 como secretario de Gobernaci\u00f3n. \u201cEl que me presume es \u00e9l, yo s\u00f3lo me dejo querer\u201d.<\/p>\n<p style=\"text-align: justify;\">\u201cLo que s\u00ed es cierto, y eso s\u00ed lo presumo, es que conozco el pa\u00eds, conozco y quiero al pueblo de M\u00e9xico, porque \u00e9l (L\u00f3pez Obrador) me lo ense\u00f1\u00f3. Yo s\u00ed puedo decir que he recorrido el pa\u00eds junto a \u00e9l. Muchos a\u00f1os luchando juntos. Nada m\u00e1s que yo todo lo que soy, he sido y lo que s\u00e9 de pol\u00edtica se lo debo a \u00e9l.<\/p>\n<p style=\"text-align: justify;\">\u201cHe sido diputado local, diputado federal, senador, gobernador de Tabasco, secretario de Gobernaci\u00f3n, pero mi orgullo es que mi maestro se llama Andr\u00e9s Manuel L\u00f3pez Obrador\u201d, a\u00f1adi\u00f3 L\u00f3pez Hern\u00e1ndez.<\/p>\n<p style=\"text-align: justify;\">Y agreg\u00f3: \u201cAl maestro se le debe respeto, gratitud, reconocimiento, admiraci\u00f3n y, sobre todo, lealtad. Y ac\u00e1 se los digo: ac\u00e1 vamos a estar siempre leales acompa\u00f1ando al presidente Andr\u00e9s Manuel L\u00f3pez Obrador\u201d.<\/p>\n<p style=\"text-align: justify;\">Lo que viene, seg\u00fan Ad\u00e1n Augusto<br \/>\nMencion\u00f3 que el a\u00f1o que viene es definitorio, porque todav\u00eda hay un pendiente en el pa\u00eds: \u201cEl a\u00f1o pr\u00f3ximo se van a transformar, se van a cambiar el Poder Judicial de la Federaci\u00f3n y la Suprema Corte de Justicia de la Naci\u00f3n (SCJN). Ya basta de tanta injusticia en M\u00e9xico. Porque hoy la justicia se vende al mejor postor, porque la justicia se vende al que la paga, al delincuente de cuello blanco, al poderoso\u201d.<\/p>\n<p style=\"text-align: justify;\">Invit\u00f3 a todos a respaldar la iniciativa el presidente, y prometi\u00f3 que \u201cel a\u00f1o pr\u00f3ximo se acabar\u00e1 la injusticia, pues habr\u00e1 una Suprema Corte justa\u201d.<\/p>\n<p style=\"text-align: justify;\">En el acto estuvieron presentes Marden Camacho y Jes\u00fas Dominguez Castellanos, dos de los operadores pol\u00edticos del presidente. Tambi\u00e9n estuvieron la alcaldesa de Tapachula, Rosy Urbina, y alcaldes de la regi\u00f3n, as\u00ed como diputados locales.<\/p>\n<p style=\"text-align: justify;\">Ad\u00e1n Augusto seguir\u00e1 su recorrido por Villaflores este martes. El mi\u00e9rcoles estar\u00e1 en San Crist\u00f3bal de Las Casas, luego se ir\u00e1 a Ocosingo y posteriormente a Palenque, donde cerrar\u00e1 su segunda visita a Chiapas como delegado nacional de Morena que busca ser el Coordinador Nacional de la Defensa de la Cuarta Transformaci\u00f3n.<\/p>\n<p style=\"text-align: justify;\">] S\u00edguenos en Facebook.com\/acapulcopress<br \/>\n] S\u00edguenos en ) acapulcopress.com<\/p>\n<p style=\"text-align: justify;\">https:\/\/www.facebook.com\/acapulcopress<\/p>\n","protected":false},"excerpt":{"rendered":"<p>TAPACHULA, Chiapas * Agosto 1, 2023. ) Apro El aspirante a la Coordinaci\u00f3n Nacional de la Defensa de la Cuarta Transformaci\u00f3n, Ad\u00e1n Augusto L\u00f3pez Hern\u00e1ndez, ratific\u00f3 hoy su apoyo a la iniciativa del presidente Andr\u00e9s Manuel L\u00f3pez Obrador de reformar el Poder Judicial de la Federaci\u00f3n, pues dijo que ahora \u201cla justicia se vende al&#8230;<\/p>\n","protected":false},"author":2,"featured_media":1255778,"comment_status":"closed","ping_status":"closed","sticky":false,"template":"","format":"standard","meta":{"footnotes":""},"categories":[2052,1972,18561],"tags":[3247,3896],"class_list":["post-1255774","post","type-post","status-publish","format-standard","has-post-thumbnail","hentry","category-elecciones","category-special","category-society-politics","tag-adan-augusto-lopez-hernandez","tag-andres-manuel-lopez-obrador"],"_links":{"self":[{"href":"https:\/\/www.acapulcopress.com\/index.php\/wp-json\/wp\/v2\/posts\/1255774","targetHints":{"allow":["GET"]}}],"collection":[{"href":"https:\/\/www.acapulcopress.com\/index.php\/wp-json\/wp\/v2\/posts"}],"about":[{"href":"https:\/\/www.acapulcopress.com\/index.php\/wp-json\/wp\/v2\/types\/post"}],"author":[{"embeddable":true,"href":"https:\/\/www.acapulcopress.com\/index.php\/wp-json\/wp\/v2\/users\/2"}],"replies":[{"embeddable":true,"href":"https:\/\/www.acapulcopress.com\/index.php\/wp-json\/wp\/v2\/comments?post=1255774"}],"version-history":[{"count":0,"href":"https:\/\/www.acapulcopress.com\/index.php\/wp-json\/wp\/v2\/posts\/1255774\/revisions"}],"wp:featuredmedia":[{"embeddable":true,"href":"https:\/\/www.acapulcopress.com\/index.php\/wp-json\/"}],"wp:attachment":[{"href":"https:\/\/www.acapulcopress.com\/index.php\/wp-json\/wp\/v2\/media?parent=1255774"}],"wp:term":[{"taxonomy":"category","embeddable":true,"href":"https:\/\/www.acapulcopress.com\/index.php\/wp-json\/wp\/v2\/categories?post=1255774"},{"taxonomy":"post_tag","embeddable":true,"href":"https:\/\/www.acapulcopress.com\/index.php\/wp-json\/wp\/v2\/tags?post=1255774"}],"curies":[{"name":"wp","href":"https:\/\/api.w.org\/{rel}","templated":true}]}}