{"id":1255784,"date":"2023-08-01T19:58:44","date_gmt":"2023-08-02T01:58:44","guid":{"rendered":"https:\/\/www.acapulcopress.com\/?p=1255784"},"modified":"2023-08-01T19:58:44","modified_gmt":"2023-08-02T01:58:44","slug":"muere-anciano-tras-golpiza-de-policias-en-respuesta-pobladores-queman-patrulla-y-alcaldia-videos","status":"publish","type":"post","link":"https:\/\/www.acapulcopress.com\/index.php\/2023\/08\/01\/muere-anciano-tras-golpiza-de-policias-en-respuesta-pobladores-queman-patrulla-y-alcaldia-videos\/","title":{"rendered":"Muere anciano tras golpiza de polic\u00edas; en respuesta, pobladores queman patrulla y alcald\u00eda (Videos)"},"content":{"rendered":"<p style=\"text-align: justify;\">PACHUCA, Hidalgo * Agosto 1, 2023.<br \/>\n<em>) <a href=\"https:\/\/www.proceso.com.mx\/nacional\/2023\/8\/1\/adulto-mayor-muere-por-golpiza-de-policias-de-hidalgo-pobladores-queman-patrulla-alcaldia-video-311897.html\" target=\"_blank\" rel=\"noopener\">Apro<\/a><\/em><\/p>\n<p style=\"text-align: justify;\">La muerte de un adulto mayor, presuntamente a consecuencia de golpes de polic\u00edas durante una detenci\u00f3n con m\u00f3vil desconocido, deriv\u00f3 en la quema de patrullas y toma de la presidencia municipal de Zacualtip\u00e1n, al norte de Hidalgo, entre las sierras Alta y Baja, para exigir que se finquen responsabilidades contra los agentes involucrados.<\/p>\n<p style=\"text-align: justify;\">Una grabaci\u00f3n difundida en redes sociales muestra a una persona de la tercera edad ser golpeada en los costados y el rostro por elementos de la Secretar\u00eda de Seguridad P\u00fablica, quienes lo tienen contra una pared.<\/p>\n<p style=\"text-align: justify;\">El video, capturado desde una posici\u00f3n superior, sigue a los polic\u00edas cuando, sin cesar los pu\u00f1etazos que atizan para doblegar al hombre, intentan subirlo a una patrulla que se incorpora al sitio.<\/p>\n<p style=\"text-align: justify;\">Cuando lo logran, contin\u00faan las agresiones ya en la batea de la unidad, aun cuando quienes filman les recriminan que lo hayan golpeado.<\/p>\n<p style=\"text-align: justify;\">Durante la manifestaci\u00f3n de este d\u00eda, pobladores acusaron que la v\u00edctima llevaba el nombre de Estanislao Hern\u00e1ndez, de 60 a\u00f1os, quien falleci\u00f3 en el \u00e1rea de Urgencias del hospital del Instituto Mexicano del Seguro Social (IMSS), a donde fue trasladado por presentar lesiones graves que pon\u00edan en riesgo su vida.<\/p>\n<p style=\"text-align: justify;\">Asimismo, acusaron que adem\u00e1s de los golpes que recibi\u00f3 al ser subido a la patrulla, y quedaron capturados en el video, posiblemente tambi\u00e9n fue agredido cuando estaba bajo resguardo de la polic\u00eda local, en el \u00e1rea de retenci\u00f3n primaria del municipio, sin que se conozcan los motivos de la actuaci\u00f3n de los elementos.<\/p>\n<p style=\"text-align: justify;\">Con la consigna \u00a1fuera presidente!, y el grito en reclamo de \u00a1asesinos!, los manifestantes demandaron la renuncia del alcalde Edgar Josu\u00e9 Moreno Gayosso \u2013quien no se encontraba en las oficinas, de las que han quemado papeler\u00eda\u2013, as\u00ed como el inicio de un proceso contra los implicados, a quienes acusan de abuso de autoridad y uso excesivo de la fuerza.<\/p>\n<p style=\"text-align: justify;\">Informaci\u00f3n obtenida del municipio refiere que la acci\u00f3n de los agentes data del mi\u00e9rcoles 25 de julio en la colonia 10 de Mayo, por la supuesta falta administrativa de aventar piedras a los transe\u00fantes. De ah\u00ed, con la violencia exhibida en el clip, fue llevado a los separos.<\/p>\n<p style=\"text-align: justify;\">Al nosocomio del IMSS ingres\u00f3 con estatus grave, por traumatismo. Finalmente, falleci\u00f3 este domingo 30 de julio.<\/p>\n<p style=\"text-align: justify;\">La Procuradur\u00eda General de Justicia del Estado (PGJEH) inici\u00f3 una carpeta para indagar si la muerte est\u00e1 asociada con el actuar de los agentes de seguridad.<\/p>\n<div style=\"width: 320px;\" class=\"wp-video\"><video class=\"wp-video-shortcode\" id=\"video-1255784-1\" width=\"320\" height=\"570\" preload=\"metadata\" controls=\"controls\"><source type=\"video\/mp4\" src=\"https:\/\/www.acapulcopress.com\/wp-content\/uploads\/2023\/08\/ADULTO-GOLPEADO.mp4?_=1\" \/><a href=\"https:\/\/www.acapulcopress.com\/wp-content\/uploads\/2023\/08\/ADULTO-GOLPEADO.mp4\">https:\/\/www.acapulcopress.com\/wp-content\/uploads\/2023\/08\/ADULTO-GOLPEADO.mp4<\/a><\/video><\/div>\n<div style=\"width: 1160px;\" class=\"wp-video\"><video class=\"wp-video-shortcode\" id=\"video-1255784-2\" width=\"1160\" height=\"651\" preload=\"metadata\" controls=\"controls\"><source type=\"video\/mp4\" src=\"https:\/\/www.acapulcopress.com\/wp-content\/uploads\/2023\/08\/PATRULLA-QUEMADA.mp4?_=2\" \/><a href=\"https:\/\/www.acapulcopress.com\/wp-content\/uploads\/2023\/08\/PATRULLA-QUEMADA.mp4\">https:\/\/www.acapulcopress.com\/wp-content\/uploads\/2023\/08\/PATRULLA-QUEMADA.mp4<\/a><\/video><\/div>\n<p style=\"text-align: justify;\"><em>] S\u00edguenos en Facebook.com\/<a href=\"https:\/\/www.facebook.com\/acapulcopress\" target=\"_blank\" rel=\"noopener\">acapulcopress<\/a><\/em><\/p>\n","protected":false},"excerpt":{"rendered":"<p>PACHUCA, Hidalgo * Agosto 1, 2023. ) Apro La muerte de un adulto mayor, presuntamente a consecuencia de golpes de polic\u00edas durante una detenci\u00f3n con m\u00f3vil desconocido, deriv\u00f3 en la quema de patrullas y toma de la presidencia municipal de Zacualtip\u00e1n, al norte de Hidalgo, entre las sierras Alta y Baja, para exigir que se&#8230;<\/p>\n","protected":false},"author":2,"featured_media":1255785,"comment_status":"closed","ping_status":"closed","sticky":false,"template":"","format":"standard","meta":{"footnotes":""},"categories":[1969,1972,2005],"tags":[13382],"class_list":["post-1255784","post","type-post","status-publish","format-standard","has-post-thumbnail","hentry","category-trending","category-special","category-seguridad-y-justicia","tag-muere-anciano-golpeado-por-policias"],"_links":{"self":[{"href":"https:\/\/www.acapulcopress.com\/index.php\/wp-json\/wp\/v2\/posts\/1255784","targetHints":{"allow":["GET"]}}],"collection":[{"href":"https:\/\/www.acapulcopress.com\/index.php\/wp-json\/wp\/v2\/posts"}],"about":[{"href":"https:\/\/www.acapulcopress.com\/index.php\/wp-json\/wp\/v2\/types\/post"}],"author":[{"embeddable":true,"href":"https:\/\/www.acapulcopress.com\/index.php\/wp-json\/wp\/v2\/users\/2"}],"replies":[{"embeddable":true,"href":"https:\/\/www.acapulcopress.com\/index.php\/wp-json\/wp\/v2\/comments?post=1255784"}],"version-history":[{"count":0,"href":"https:\/\/www.acapulcopress.com\/index.php\/wp-json\/wp\/v2\/posts\/1255784\/revisions"}],"wp:featuredmedia":[{"embeddable":true,"href":"https:\/\/www.acapulcopress.com\/index.php\/wp-json\/"}],"wp:attachment":[{"href":"https:\/\/www.acapulcopress.com\/index.php\/wp-json\/wp\/v2\/media?parent=1255784"}],"wp:term":[{"taxonomy":"category","embeddable":true,"href":"https:\/\/www.acapulcopress.com\/index.php\/wp-json\/wp\/v2\/categories?post=1255784"},{"taxonomy":"post_tag","embeddable":true,"href":"https:\/\/www.acapulcopress.com\/index.php\/wp-json\/wp\/v2\/tags?post=1255784"}],"curies":[{"name":"wp","href":"https:\/\/api.w.org\/{rel}","templated":true}]}}