{"id":1255790,"date":"2023-08-01T20:44:50","date_gmt":"2023-08-02T02:44:50","guid":{"rendered":"https:\/\/www.acapulcopress.com\/?p=1255790"},"modified":"2023-08-01T20:44:50","modified_gmt":"2023-08-02T02:44:50","slug":"belinda-abrira-el-programa-juvenil-cultural-y-artistico-do-re-mi-fa-sol","status":"publish","type":"post","link":"https:\/\/www.acapulcopress.com\/index.php\/2023\/08\/01\/belinda-abrira-el-programa-juvenil-cultural-y-artistico-do-re-mi-fa-sol\/","title":{"rendered":"Belinda abrir\u00e1 el programa juvenil cultural y art\u00edstico \u00abDo, Re, Mi, Fa, Sol\u00bb"},"content":{"rendered":"<p style=\"text-align: justify;\">CHILPANCINGO * Agosto 1, 2023.<br \/>\n<em>) Gobierno de Guerrero<\/em><br \/>\nBelinda, ser\u00e1 la artista encargada en dar inicio a la serie de conciertos impulsados por la <img loading=\"lazy\" decoding=\"async\" class=\"alignleft size-medium wp-image-1255793\" src=\"https:\/\/www.acapulcopress.com\/wp-content\/uploads\/2023\/08\/BELINDA-GRO-375x364.jpg\" alt=\"\" width=\"375\" height=\"364\" \/>gobernadora Evelyn Salgado Pineda, a trav\u00e9s del programa juvenil cultural y art\u00edstico \u00abDo, Re, Mi, Fa, Sol\u00bb.<\/p>\n<p style=\"text-align: justify;\">Sera el pr\u00f3ximo 12 de agosto, cuando la artista se presente en las instalaciones del Polideportivo Chilpancingo en punto de las 5 de la tarde. Evento que sin lugar a dudas congregar\u00e1 a los j\u00f3venes chilpancinguenses y municipios colindantes. La entrada ser\u00e1 totalmente gratis.<\/p>\n<p style=\"text-align: justify;\">El programa \u00abDo, Re, Mi, Fa, Sol\u00bb busca promover la m\u00fasica y el arte entre la juventud guerrerense, por lo que se esperan conciertos y actividades art\u00edsticas en distintos municipios del estado.<\/p>\n<p style=\"text-align: justify;\">Adem\u00e1s de que se desarrollar\u00e1n talleres, charlas y actividades interactivas relacionadas con la m\u00fasica, el canto, la danza, el teatro, la pintura y otras manifestaciones art\u00edsticas.<\/p>\n<p style=\"text-align: justify;\">La int\u00e9rprete de \u201cBe free\u201d, \u201cLo siento\u201d, \u201cBoba Ni\u00f1a Nice\u201d y \u00e9xito \u201cAmor a primera vista\u201d tema que interpreta junto a Los \u00c1ngeles Azules, entre otros, promete un concierto lleno de dinamismo y j\u00fabilo en la capital del estado.<\/p>\n<p style=\"text-align: justify;\">Tan s\u00f3lo en Spotify, la cantante y actriz cuenta con 1,550,385,695 streams siendo de las artistas femeninas m\u00e1s escuchadas\u00a0de\u00a0M\u00e9xico.<\/p>\n<div style=\"width: 848px;\" class=\"wp-video\"><video class=\"wp-video-shortcode\" id=\"video-1255790-1\" width=\"848\" height=\"480\" preload=\"metadata\" controls=\"controls\"><source type=\"video\/mp4\" src=\"https:\/\/www.acapulcopress.com\/wp-content\/uploads\/2023\/08\/belinda-concierto.mp4?_=1\" \/><a href=\"https:\/\/www.acapulcopress.com\/wp-content\/uploads\/2023\/08\/belinda-concierto.mp4\">https:\/\/www.acapulcopress.com\/wp-content\/uploads\/2023\/08\/belinda-concierto.mp4<\/a><\/video><\/div>\n<p style=\"text-align: justify;\"><em>] S\u00edguenos en Facebook.com\/<a href=\"https:\/\/www.facebook.com\/acapulcopress\" target=\"_blank\" rel=\"noopener\">acapulcopress<\/a><\/em><\/p>\n","protected":false},"excerpt":{"rendered":"<p>CHILPANCINGO * Agosto 1, 2023. ) Gobierno de Guerrero Belinda, ser\u00e1 la artista encargada en dar inicio a la serie de conciertos impulsados por la gobernadora Evelyn Salgado Pineda, a trav\u00e9s del programa juvenil cultural y art\u00edstico \u00abDo, Re, Mi, Fa, Sol\u00bb. Sera el pr\u00f3ximo 12 de agosto, cuando la artista se presente en las&#8230;<\/p>\n","protected":false},"author":2,"featured_media":1255792,"comment_status":"closed","ping_status":"closed","sticky":false,"template":"","format":"standard","meta":{"footnotes":""},"categories":[18563,1972,1988],"tags":[8251,8311,13041,14992,15328,16793],"class_list":["post-1255790","post","type-post","status-publish","format-standard","has-post-thumbnail","hentry","category-entretenimiento","category-special","category-lifestyles","tag-evelyn-salgado-pineda","tag-fa","tag-mi","tag-programa-do","tag-re","tag-sol"],"_links":{"self":[{"href":"https:\/\/www.acapulcopress.com\/index.php\/wp-json\/wp\/v2\/posts\/1255790","targetHints":{"allow":["GET"]}}],"collection":[{"href":"https:\/\/www.acapulcopress.com\/index.php\/wp-json\/wp\/v2\/posts"}],"about":[{"href":"https:\/\/www.acapulcopress.com\/index.php\/wp-json\/wp\/v2\/types\/post"}],"author":[{"embeddable":true,"href":"https:\/\/www.acapulcopress.com\/index.php\/wp-json\/wp\/v2\/users\/2"}],"replies":[{"embeddable":true,"href":"https:\/\/www.acapulcopress.com\/index.php\/wp-json\/wp\/v2\/comments?post=1255790"}],"version-history":[{"count":0,"href":"https:\/\/www.acapulcopress.com\/index.php\/wp-json\/wp\/v2\/posts\/1255790\/revisions"}],"wp:featuredmedia":[{"embeddable":true,"href":"https:\/\/www.acapulcopress.com\/index.php\/wp-json\/"}],"wp:attachment":[{"href":"https:\/\/www.acapulcopress.com\/index.php\/wp-json\/wp\/v2\/media?parent=1255790"}],"wp:term":[{"taxonomy":"category","embeddable":true,"href":"https:\/\/www.acapulcopress.com\/index.php\/wp-json\/wp\/v2\/categories?post=1255790"},{"taxonomy":"post_tag","embeddable":true,"href":"https:\/\/www.acapulcopress.com\/index.php\/wp-json\/wp\/v2\/tags?post=1255790"}],"curies":[{"name":"wp","href":"https:\/\/api.w.org\/{rel}","templated":true}]}}