{"id":1255809,"date":"2023-08-01T22:06:47","date_gmt":"2023-08-02T04:06:47","guid":{"rendered":"https:\/\/www.acapulcopress.com\/?p=1255809"},"modified":"2023-08-01T22:06:47","modified_gmt":"2023-08-02T04:06:47","slug":"eugenia-leon-engalanara-la-reapertura-del-auditorio-sentimientos-de-la-nacion","status":"publish","type":"post","link":"https:\/\/www.acapulcopress.com\/index.php\/2023\/08\/01\/eugenia-leon-engalanara-la-reapertura-del-auditorio-sentimientos-de-la-nacion\/","title":{"rendered":"Eugenia Le\u00f3n engalanar\u00e1 la reapertura del Auditorio Sentimientos de la Naci\u00f3n"},"content":{"rendered":"<p style=\"text-align: justify;\">CHILPANCINGO * Agosto 1, 2023.<br \/>\n<em>) Gobierno de Guerrero<\/em><br \/>\nEl jueves 5 de agosto, el Auditorio Sentimientos de la Naci\u00f3n reabrir\u00e1 sus puertas tras concluir la primera etapa de su proyecto de rehabilitaci\u00f3n, la encargada de engalanar la tarde ser\u00e1 la cantante<a href=\"https:\/\/www.facebook.com\/eugenialeonpaginaoficial\" target=\"_blank\" rel=\"noopener\"> Eugenia Le\u00f3n<\/a>, artista de talla internacional.<\/p>\n<p style=\"text-align: justify;\">La reapertura parcial del recinto cultural tiene el prop\u00f3sito de promover las artes y la cultura en el estado, brindando una nueva opci\u00f3n de sano entretenimiento a las familias guerrerenses en conjunto con la secretar\u00eda de Cultura a iniciativa de la gobernadora <a href=\"https:\/\/www.facebook.com\/EvelynSalgadoP\" target=\"_blank\" rel=\"noopener\">Evelyn Salgado Pineda<\/a>.<\/p>\n<p style=\"text-align: justify;\">Con mejoras a la infraestructura del inmueble en una primera etapa, que contempl\u00f3 una inversi\u00f3n total de 12 millones de pesos, se espera que las familias guerrerenses disfruten de una tarde bohemia con la voz rom\u00e1ntica de Eugenia Le\u00f3n.<\/p>\n<p style=\"text-align: justify;\">Eugenia Le\u00f3n ha realizado conciertos con gran \u00e9xito en los recintos m\u00e1s importantes del pa\u00eds tales como el Palacio de Bellas Artes, el Auditorio Nacional, la Sala Nezahualc\u00f3yotl, y en el Festival Cervantino, entre otros.<\/p>\n<p style=\"text-align: justify;\">A nivel internacional ha sido ovacionada en el Royal Opera House de Om\u00e1n; el Foro Universal de la Cultura en Barcelona, Espa\u00f1a; el Parlamento Europeo en Bruselas; el Teatro Col\u00f3n de Bogot\u00e1, en Colombia; el Teatro Oriente, en Santiago de Chile, por mencionar algunos.<\/p>\n<p style=\"text-align: justify;\">Eugenia es la \u00fanica mexicana que ha representado como cantante a M\u00e9xico en cuatro Exposiciones Mundiales de manera consecutiva: Sevilla, Espa\u00f1a; Lisboa, Portugal; Hannover, Alemania y Aichi, Jap\u00f3n.<\/p>\n<p style=\"text-align: justify;\">El concierto que ofrecer\u00e1 este jueves dar\u00e1 inicio a las cinco de la tarde y la entrada es totalmente gratuita, contando con un repertorio bohemio, entre los grandes \u00e9xitos de Eugenia Le\u00f3n destacan: <em>Como yo te am\u00e9, Sin un Amor, Te odio y te quiero,<\/em> entre otros.<\/p>\n<p style=\"text-align: justify;\">Con este concierto se dar\u00e1n por iniciadas las actividades en tan importante recinto cultural que ser\u00e1 un espacio de proyecci\u00f3n del talento guerrerense y sede de conciertos, exposiciones\u00a0y\u00a0conferencias.<\/p>\n<div style=\"width: 480px;\" class=\"wp-video\"><video class=\"wp-video-shortcode\" id=\"video-1255809-1\" width=\"480\" height=\"848\" preload=\"metadata\" controls=\"controls\"><source type=\"video\/mp4\" src=\"https:\/\/www.acapulcopress.com\/wp-content\/uploads\/2023\/08\/laura-leon-video.mp4?_=1\" \/><a href=\"https:\/\/www.acapulcopress.com\/wp-content\/uploads\/2023\/08\/laura-leon-video.mp4\">https:\/\/www.acapulcopress.com\/wp-content\/uploads\/2023\/08\/laura-leon-video.mp4<\/a><\/video><\/div>\n<p style=\"text-align: justify;\"><em>] S\u00edguenos en Facebook.com\/<a href=\"https:\/\/www.facebook.com\/acapulcopress\" target=\"_blank\" rel=\"noopener\">acapulcopress<\/a><\/em><\/p>\n","protected":false},"excerpt":{"rendered":"<p>CHILPANCINGO * Agosto 1, 2023. ) Gobierno de Guerrero El jueves 5 de agosto, el Auditorio Sentimientos de la Naci\u00f3n reabrir\u00e1 sus puertas tras concluir la primera etapa de su proyecto de rehabilitaci\u00f3n, la encargada de engalanar la tarde ser\u00e1 la cantante Eugenia Le\u00f3n, artista de talla internacional. La reapertura parcial del recinto cultural tiene&#8230;<\/p>\n","protected":false},"author":2,"featured_media":1255811,"comment_status":"closed","ping_status":"closed","sticky":false,"template":"","format":"standard","meta":{"footnotes":""},"categories":[18563,1988],"tags":[4406,6252,8213,8251,16640,17011],"class_list":["post-1255809","post","type-post","status-publish","format-standard","has-post-thumbnail","hentry","category-entretenimiento","category-lifestyles","tag-auditorio-sentimientos-de-la-nacion","tag-como-yo-te-ame","tag-eugenia-leon","tag-evelyn-salgado-pineda","tag-sin-un-amor","tag-te-odio-y-te-quiero"],"_links":{"self":[{"href":"https:\/\/www.acapulcopress.com\/index.php\/wp-json\/wp\/v2\/posts\/1255809","targetHints":{"allow":["GET"]}}],"collection":[{"href":"https:\/\/www.acapulcopress.com\/index.php\/wp-json\/wp\/v2\/posts"}],"about":[{"href":"https:\/\/www.acapulcopress.com\/index.php\/wp-json\/wp\/v2\/types\/post"}],"author":[{"embeddable":true,"href":"https:\/\/www.acapulcopress.com\/index.php\/wp-json\/wp\/v2\/users\/2"}],"replies":[{"embeddable":true,"href":"https:\/\/www.acapulcopress.com\/index.php\/wp-json\/wp\/v2\/comments?post=1255809"}],"version-history":[{"count":0,"href":"https:\/\/www.acapulcopress.com\/index.php\/wp-json\/wp\/v2\/posts\/1255809\/revisions"}],"wp:featuredmedia":[{"embeddable":true,"href":"https:\/\/www.acapulcopress.com\/index.php\/wp-json\/"}],"wp:attachment":[{"href":"https:\/\/www.acapulcopress.com\/index.php\/wp-json\/wp\/v2\/media?parent=1255809"}],"wp:term":[{"taxonomy":"category","embeddable":true,"href":"https:\/\/www.acapulcopress.com\/index.php\/wp-json\/wp\/v2\/categories?post=1255809"},{"taxonomy":"post_tag","embeddable":true,"href":"https:\/\/www.acapulcopress.com\/index.php\/wp-json\/wp\/v2\/tags?post=1255809"}],"curies":[{"name":"wp","href":"https:\/\/api.w.org\/{rel}","templated":true}]}}