{"id":1255813,"date":"2023-08-01T23:08:45","date_gmt":"2023-08-02T05:08:45","guid":{"rendered":"https:\/\/www.acapulcopress.com\/?p=1255813"},"modified":"2023-08-01T23:08:45","modified_gmt":"2023-08-02T05:08:45","slug":"resurge-cubrebocas-104-casos-de-covid-en-guerrero","status":"publish","type":"post","link":"https:\/\/www.acapulcopress.com\/index.php\/2023\/08\/01\/resurge-cubrebocas-104-casos-de-covid-en-guerrero\/","title":{"rendered":"Resurge cubrebocas en Guerrero por Covid19"},"content":{"rendered":"<p style=\"text-align: justify;\">* Recomienda Salud Guerrero el uso del cubrebocas en espacios cerrados y continuar con el lavado de manos<\/p>\n<p style=\"text-align: justify;\">CHILPANCINGO * Agosto 1, 2023.<br \/>\n<em>) Gobierno de Guerrero<\/em><br \/>\nHasta el momento el comportamiento del Covid-19 en Guerrero se mantiene en control y estable, en comparativo con los a\u00f1os anteriores, inform\u00f3 la titular de la Secretar\u00eda de Salud de Guerrero, Aid\u00e9 Ibarez Castro, e hizo un llamado a continuar con las medidas sanitarias para prevenir contagios, como el uso de cubrebocas en espacios cerrados y el lavado de manos.<\/p>\n<p style=\"text-align: justify;\">Explic\u00f3 que, aunque no hay una situaci\u00f3n de alerta, s\u00ed es importante que la poblaci\u00f3n siga con las medidas generales para prevenir contagios de Covid-19, as\u00ed como de otras enfermedades respiratorias como la influenza.<\/p>\n<p style=\"text-align: justify;\">Dijo que desde que dio inicio la pandemia en Guerrero en marzo del 2020, se han registrado en el estado un total de 121 mil 815 casos confirmados, con 6 mil 900 defunciones.<\/p>\n<p style=\"text-align: justify;\">Detall\u00f3 que la Secretar\u00eda de Salud, desde esa fecha, ha realizado un total de 280 mil 873 estudios de confirmaci\u00f3n.<\/p>\n<p style=\"text-align: justify;\">Actualmente, inform\u00f3, se tiene un registro de 104 casos activos, distribuidos en 17 municipios, siendo diez de estos los que presentan un mayor n\u00famero de casos: Acapulco con 51, Zihuatanejo con 23, Chilpancingo 7, Iguala 5, Tlapa 3, Taxco 2, y Ometepec con 2, seguido de Arcelia, Atoyac y Benito Ju\u00e1rez que han registrado un caso respectivamente.<\/p>\n<p style=\"text-align: justify;\">Puntualiz\u00f3 que hasta la semana epidemiol\u00f3gica n\u00famero 30, que abarc\u00f3 del 23 al 29 de julio, se registraron 42 casos y que en lo que va del 2023 se tiene un registro de 4 mil 287 contagios confirmados de Covid-19, siendo las personas de 30 a 34 a\u00f1os los m\u00e1s afectados, sin que hasta el momento haya pacientes complicados que requieran hospitalizaci\u00f3n.<\/p>\n<p style=\"text-align: justify;\">Dijo que al comparar el primer periodo del 15 al 30 de junio de este a\u00f1o con el segundo periodo del 15 al 31 de julio, se observ\u00f3 una disminuci\u00f3n del 36.4% en la presencia de nuevos casos.<\/p>\n<p style=\"text-align: justify;\">Pero lament\u00f3 que en el mes de julio se hayan registrado 4 defunciones en Guerrero, en personas que presentaban comorbilidades y que no contaban con su esquema de vacunaci\u00f3n.<\/p>\n<p style=\"text-align: justify;\">Ante la recomendaci\u00f3n emitida recientemente por la UNAM, mencion\u00f3 que la gobernadora del estado, Evelyn Salgado Pineda, ha instruido informar oportuna y constantemente a la poblaci\u00f3n sobre el comportamiento del Covid-19, adem\u00e1s de fortalecer la vigilancia epidemiol\u00f3gica ante el posible cambio de comportamiento de los casos.<\/p>\n<p style=\"text-align: justify;\">Al respecto, la titular de la Secretar\u00eda de Salud recomend\u00f3 ante la sospecha de Covid-19, acudir a su unidad m\u00e9dica m\u00e1s cercana.<\/p>\n<p style=\"text-align: justify;\">Adem\u00e1s, recomend\u00f3 no automedicarse, buscar atenci\u00f3n o acompa\u00f1amiento m\u00e9dico para vigilar la evoluci\u00f3n y as\u00ed identificar complicaciones de manera oportuna.<\/p>\n<p style=\"text-align: justify;\">Explic\u00f3 que las personas que presenten s\u00edntomas de enfermedad respiratoria aguda como gripe, catarro, tos, dolor de garganta o fiebre deben procurar aislarse, descansar para recuperarse en un periodo de tres a cinco d\u00edas y usar cubrebocas en todo momento durante la convivencia con otras personas, para evitar m\u00e1s contagios.<\/p>\n<p style=\"text-align: justify;\">Record\u00f3 que los adultos mayores con enfermedades inmunodepresivas, as\u00ed como aquellos con patolog\u00edas cr\u00f3nicas deben de ser m\u00e1s cuidadosos y evitar acudir a lugares cerrados poco ventilados y con aglomeraci\u00f3n.<\/p>\n<p style=\"text-align: justify;\">Tambi\u00e9n mencion\u00f3 que el gobierno del estado mantiene activa la l\u00ednea COVITEL Guerrero, al 800 772 5834, disponible para todo el p\u00fablico que requiera mayor informaci\u00f3n y orientaci\u00f3n\u00a0m\u00e9dica.<\/p>\n<p style=\"text-align: justify;\"><em>] S\u00edguenos en Facebook.com\/<a href=\"https:\/\/www.facebook.com\/acapulcopress\" target=\"_blank\" rel=\"noopener\">acapulcopress<\/a><\/em><\/p>\n","protected":false},"excerpt":{"rendered":"<p>* Recomienda Salud Guerrero el uso del cubrebocas en espacios cerrados y continuar con el lavado de manos CHILPANCINGO * Agosto 1, 2023. ) Gobierno de Guerrero Hasta el momento el comportamiento del Covid-19 en Guerrero se mantiene en control y estable, en comparativo con los a\u00f1os anteriores, inform\u00f3 la titular de la Secretar\u00eda de&#8230;<\/p>\n","protected":false},"author":2,"featured_media":1255815,"comment_status":"closed","ping_status":"closed","sticky":false,"template":"","format":"standard","meta":{"footnotes":""},"categories":[1997],"tags":[6699,6705],"class_list":["post-1255813","post","type-post","status-publish","format-standard","has-post-thumbnail","hentry","category-noticias-destacadas","tag-covid-guerrero","tag-covid19"],"_links":{"self":[{"href":"https:\/\/www.acapulcopress.com\/index.php\/wp-json\/wp\/v2\/posts\/1255813","targetHints":{"allow":["GET"]}}],"collection":[{"href":"https:\/\/www.acapulcopress.com\/index.php\/wp-json\/wp\/v2\/posts"}],"about":[{"href":"https:\/\/www.acapulcopress.com\/index.php\/wp-json\/wp\/v2\/types\/post"}],"author":[{"embeddable":true,"href":"https:\/\/www.acapulcopress.com\/index.php\/wp-json\/wp\/v2\/users\/2"}],"replies":[{"embeddable":true,"href":"https:\/\/www.acapulcopress.com\/index.php\/wp-json\/wp\/v2\/comments?post=1255813"}],"version-history":[{"count":0,"href":"https:\/\/www.acapulcopress.com\/index.php\/wp-json\/wp\/v2\/posts\/1255813\/revisions"}],"wp:featuredmedia":[{"embeddable":true,"href":"https:\/\/www.acapulcopress.com\/index.php\/wp-json\/"}],"wp:attachment":[{"href":"https:\/\/www.acapulcopress.com\/index.php\/wp-json\/wp\/v2\/media?parent=1255813"}],"wp:term":[{"taxonomy":"category","embeddable":true,"href":"https:\/\/www.acapulcopress.com\/index.php\/wp-json\/wp\/v2\/categories?post=1255813"},{"taxonomy":"post_tag","embeddable":true,"href":"https:\/\/www.acapulcopress.com\/index.php\/wp-json\/wp\/v2\/tags?post=1255813"}],"curies":[{"name":"wp","href":"https:\/\/api.w.org\/{rel}","templated":true}]}}