{"id":1255825,"date":"2023-08-02T19:31:00","date_gmt":"2023-08-03T01:31:00","guid":{"rendered":"https:\/\/www.acapulcopress.com\/?p=1255825"},"modified":"2023-08-02T19:31:00","modified_gmt":"2023-08-03T01:31:00","slug":"fuerzas-policiacas-tomaron-el-control-de-la-carretera-federal-acapulco-zuhuatanejo","status":"publish","type":"post","link":"https:\/\/www.acapulcopress.com\/index.php\/2023\/08\/02\/fuerzas-policiacas-tomaron-el-control-de-la-carretera-federal-acapulco-zuhuatanejo\/","title":{"rendered":"Fuerzas policiacas tomaron el control de la carretera federal Acapulco-Zuhuatanejo"},"content":{"rendered":"<p style=\"text-align: justify;\"><em>* Polic\u00eda Estatal, Secretar\u00eda de la Defensa Nacional, Secretar\u00eda de Marina, Guardia Nacional, Fiscal\u00eda General del Estado y polic\u00eda municipal participaron en el protocolo de disuasi\u00f3n de manifestantes la carretera del poniente del puerto de Acapulco<\/em><\/p>\n<p style=\"text-align: justify;\">CHILPANCINGO * Agosto 2, 2023.<br \/>\n<em>) SSP Guerrero | Material Multimedia Cortes\u00eda de RCS<\/em><br \/>\n<img loading=\"lazy\" decoding=\"async\" class=\"alignleft size-medium wp-image-1255831\" src=\"https:\/\/www.acapulcopress.com\/wp-content\/uploads\/2023\/08\/PIE-DE-LA-CUESTA-14-375x211.jpg\" alt=\"\" width=\"375\" height=\"211\" \/>La Secretar\u00eda de Seguridad P\u00fablica estatal inform\u00f3 que la tarde de este mi\u00e9rcoles se activ\u00f3 el protocolo de disuasi\u00f3n a un grupo de manifestantes, quienes imped\u00edan el libre tr\u00e1nsito en tres puntos sobre la carretera federal Acapulco-Zihuatanejo.<\/p>\n<p style=\"text-align: justify;\">Tras estas acciones, la Polic\u00eda Estatal en coordinaci\u00f3n con la Secretar\u00eda de la Defensa Nacional, Secretar\u00eda de Marina, Guardia Nacional, Fiscal\u00eda General del Estado y Polic\u00eda Municipal, tomaron el control de la carretera al poniente del puerto de Acapulco.<\/p>\n<p style=\"text-align: justify;\">En estos momentos se mantiene presencia de las autoridades civiles y militares para garantizar el libre tr\u00e1nsito de\u00a0la\u00a0ciudadan\u00eda.<\/p>\n<p style=\"text-align: justify;\"><img loading=\"lazy\" decoding=\"async\" class=\"alignnone wp-image-1255830 size-large\" src=\"https:\/\/www.acapulcopress.com\/wp-content\/uploads\/2023\/08\/PIE-DE-LA-CUESTA-13-840x663.jpg\" alt=\"\" width=\"696\" height=\"549\" \/><br \/>\n<img loading=\"lazy\" decoding=\"async\" class=\"alignnone wp-image-1255835 size-large\" src=\"https:\/\/www.acapulcopress.com\/wp-content\/uploads\/2023\/08\/PIE-DE-LA-CUESTA-840x1494.jpg\" alt=\"\" width=\"696\" height=\"1238\" \/><\/p>\n<p style=\"text-align: justify;\"><img loading=\"lazy\" decoding=\"async\" class=\"alignnone wp-image-1255829 size-large\" src=\"https:\/\/www.acapulcopress.com\/wp-content\/uploads\/2023\/08\/PIE-DE-LA-CUESTA-12-840x1494.jpg\" alt=\"\" width=\"696\" height=\"1238\" \/><\/p>\n<div style=\"width: 368px;\" class=\"wp-video\"><video class=\"wp-video-shortcode\" id=\"video-1255825-1\" width=\"368\" height=\"656\" preload=\"metadata\" controls=\"controls\"><source type=\"video\/mp4\" src=\"https:\/\/www.acapulcopress.com\/wp-content\/uploads\/2023\/08\/PIE-DE-LA-CUESTA-1.mp4?_=1\" \/><a href=\"https:\/\/www.acapulcopress.com\/wp-content\/uploads\/2023\/08\/PIE-DE-LA-CUESTA-1.mp4\">https:\/\/www.acapulcopress.com\/wp-content\/uploads\/2023\/08\/PIE-DE-LA-CUESTA-1.mp4<\/a><\/video><\/div>\n<div style=\"width: 368px;\" class=\"wp-video\"><video class=\"wp-video-shortcode\" id=\"video-1255825-2\" width=\"368\" height=\"656\" preload=\"metadata\" controls=\"controls\"><source type=\"video\/mp4\" src=\"https:\/\/www.acapulcopress.com\/wp-content\/uploads\/2023\/08\/PIE-DE-LA-CUESTA-15.mp4?_=2\" \/><a href=\"https:\/\/www.acapulcopress.com\/wp-content\/uploads\/2023\/08\/PIE-DE-LA-CUESTA-15.mp4\">https:\/\/www.acapulcopress.com\/wp-content\/uploads\/2023\/08\/PIE-DE-LA-CUESTA-15.mp4<\/a><\/video><\/div>\n<div style=\"width: 640px;\" class=\"wp-video\"><video class=\"wp-video-shortcode\" id=\"video-1255825-3\" width=\"640\" height=\"368\" preload=\"metadata\" controls=\"controls\"><source type=\"video\/mp4\" src=\"https:\/\/www.acapulcopress.com\/wp-content\/uploads\/2023\/08\/PIE-DE-LA-CUESTA-17.mp4?_=3\" \/><a href=\"https:\/\/www.acapulcopress.com\/wp-content\/uploads\/2023\/08\/PIE-DE-LA-CUESTA-17.mp4\">https:\/\/www.acapulcopress.com\/wp-content\/uploads\/2023\/08\/PIE-DE-LA-CUESTA-17.mp4<\/a><\/video><\/div>\n<div style=\"width: 480px;\" class=\"wp-video\"><video class=\"wp-video-shortcode\" id=\"video-1255825-4\" width=\"480\" height=\"848\" preload=\"metadata\" controls=\"controls\"><source type=\"video\/mp4\" src=\"https:\/\/www.acapulcopress.com\/wp-content\/uploads\/2023\/08\/PIE-DE-LA-CUESTA-16.mp4?_=4\" \/><a href=\"https:\/\/www.acapulcopress.com\/wp-content\/uploads\/2023\/08\/PIE-DE-LA-CUESTA-16.mp4\">https:\/\/www.acapulcopress.com\/wp-content\/uploads\/2023\/08\/PIE-DE-LA-CUESTA-16.mp4<\/a><\/video><\/div>\n<p style=\"text-align: justify;\"><em>] S\u00edguenos en Facebook.com\/<a href=\"https:\/\/www.facebook.com\/acapulcopress\" target=\"_blank\" rel=\"noopener\">acapulcopress<\/a><\/em><\/p>\n","protected":false},"excerpt":{"rendered":"<p>* Polic\u00eda Estatal, Secretar\u00eda de la Defensa Nacional, Secretar\u00eda de Marina, Guardia Nacional, Fiscal\u00eda General del Estado y polic\u00eda municipal participaron en el protocolo de disuasi\u00f3n de manifestantes la carretera del poniente del puerto de Acapulco CHILPANCINGO * Agosto 2, 2023. ) SSP Guerrero | Material Multimedia Cortes\u00eda de RCS La Secretar\u00eda de Seguridad P\u00fablica&#8230;<\/p>\n","protected":false},"author":2,"featured_media":1255831,"comment_status":"closed","ping_status":"closed","sticky":false,"template":"","format":"standard","meta":{"footnotes":""},"categories":[1969,1972,2005],"tags":[],"class_list":["post-1255825","post","type-post","status-publish","format-standard","has-post-thumbnail","hentry","category-trending","category-special","category-seguridad-y-justicia"],"_links":{"self":[{"href":"https:\/\/www.acapulcopress.com\/index.php\/wp-json\/wp\/v2\/posts\/1255825","targetHints":{"allow":["GET"]}}],"collection":[{"href":"https:\/\/www.acapulcopress.com\/index.php\/wp-json\/wp\/v2\/posts"}],"about":[{"href":"https:\/\/www.acapulcopress.com\/index.php\/wp-json\/wp\/v2\/types\/post"}],"author":[{"embeddable":true,"href":"https:\/\/www.acapulcopress.com\/index.php\/wp-json\/wp\/v2\/users\/2"}],"replies":[{"embeddable":true,"href":"https:\/\/www.acapulcopress.com\/index.php\/wp-json\/wp\/v2\/comments?post=1255825"}],"version-history":[{"count":0,"href":"https:\/\/www.acapulcopress.com\/index.php\/wp-json\/wp\/v2\/posts\/1255825\/revisions"}],"wp:featuredmedia":[{"embeddable":true,"href":"https:\/\/www.acapulcopress.com\/index.php\/wp-json\/"}],"wp:attachment":[{"href":"https:\/\/www.acapulcopress.com\/index.php\/wp-json\/wp\/v2\/media?parent=1255825"}],"wp:term":[{"taxonomy":"category","embeddable":true,"href":"https:\/\/www.acapulcopress.com\/index.php\/wp-json\/wp\/v2\/categories?post=1255825"},{"taxonomy":"post_tag","embeddable":true,"href":"https:\/\/www.acapulcopress.com\/index.php\/wp-json\/wp\/v2\/tags?post=1255825"}],"curies":[{"name":"wp","href":"https:\/\/api.w.org\/{rel}","templated":true}]}}