{"id":1255840,"date":"2023-08-02T20:13:46","date_gmt":"2023-08-03T02:13:46","guid":{"rendered":"https:\/\/www.acapulcopress.com\/?p=1255840"},"modified":"2023-08-02T20:13:46","modified_gmt":"2023-08-03T02:13:46","slug":"congresogro-realizo-consulta-con-discapacitados-en-tlacoachistlahuaca","status":"publish","type":"post","link":"https:\/\/www.acapulcopress.com\/index.php\/2023\/08\/02\/congresogro-realizo-consulta-con-discapacitados-en-tlacoachistlahuaca\/","title":{"rendered":"CongresoGro realiz\u00f3 consulta con discapacitados en Tlacoachistlahuaca"},"content":{"rendered":"<p style=\"text-align: justify;\">TLACOACHISTLAHUACA * Agosto 2, 2023.<br \/>\n<em>) Congreso de Guerrero<\/em><\/p>\n<p style=\"text-align: justify;\">El Congreso del Estado desarroll\u00f3 este mi\u00e9rcoles en este municipio de la Costa Chica las Mesas de Trabajo Presenciales relacionadas con la Consulta a Personas con Discapacidad <img loading=\"lazy\" decoding=\"async\" class=\"alignleft size-medium wp-image-1255848\" src=\"https:\/\/www.acapulcopress.com\/wp-content\/uploads\/2023\/08\/CONSULTA-TLACOACHIS2-375x211.jpeg\" alt=\"\" width=\"375\" height=\"211\" \/>para el Proceso Legislativo en Materia de Educaci\u00f3n Inclusiva.<\/p>\n<p style=\"text-align: justify;\">En su intervenci\u00f3n durante el desarrollo del evento, la diputada <a href=\"https:\/\/www.facebook.com\/CitlaliCalixtoJimenez\" target=\"_blank\" rel=\"noopener\">Gloria Citlali Calixto Jim\u00e9nez<\/a>, presidenta de la Comisi\u00f3n de Atenci\u00f3n a Personas con Discapacidad, subray\u00f3 que dicho ejercicio tiene la finalidad de escuchar y atender las necesidades, propuestas e inquietudes de las personas con discapacidad, que permitan enriquecer la Ley de Educaci\u00f3n en el estado.<\/p>\n<p style=\"text-align: justify;\">\u201cSus voces, sus testimonios y sus propuestas son la prioridad, y as\u00ed lo ser\u00e1 a partir de ahora; porque nunca m\u00e1s habr\u00e1 de implementarse una ley o una pol\u00edtica sin antes consultar sus sentimientos\u201d, afirm\u00f3 la legisladora.<\/p>\n<p style=\"text-align: justify;\"><img loading=\"lazy\" decoding=\"async\" class=\"alignleft size-medium wp-image-1255847\" src=\"https:\/\/www.acapulcopress.com\/wp-content\/uploads\/2023\/08\/CONSULTA-TLACOACHIS-375x211.jpeg\" alt=\"\" width=\"375\" height=\"211\" \/>La diputada enfatiz\u00f3 que esta consulta cumple con los est\u00e1ndares internacionales y se ajusta a lo mandatado por la Suprema Corte de Justicia de la Naci\u00f3n (SCJN) en relaci\u00f3n con la acci\u00f3n de inconstitucionalidad 299\/2020.<\/p>\n<p style=\"text-align: justify;\">Al acto asisti\u00f3 tambi\u00e9n el diputado Rafael Navarrete Quezada, quien expres\u00f3 que el Congreso tiene la disposici\u00f3n de atender los temas relacionados con el bienestar de las personas con discapacidad, y por ello se est\u00e1 atendiendo, a trav\u00e9s de esta consulta, sus planteamientos y propuestas.<\/p>\n<p style=\"text-align: justify;\">Asimismo, coment\u00f3 que se estableci\u00f3 una alianza con los diferentes presidentes municipales de la Costa Chica y con la beneficencia p\u00fablica a nivel federal para iniciar un <img loading=\"lazy\" decoding=\"async\" class=\"alignleft size-medium wp-image-1255844\" src=\"https:\/\/www.acapulcopress.com\/wp-content\/uploads\/2023\/08\/CONSULTA-CONGRESOGRO4-375x250.jpg\" alt=\"\" width=\"375\" height=\"250\" \/>censo que permita brindar apoyo a todas las personas con discapacidad de la regi\u00f3n, facilit\u00e1ndoles sillas de ruedas, aparatos auditivos, lentes, andaderas, entre otros materiales adaptados.<\/p>\n<p style=\"text-align: justify;\">En su oportunidad, Yareht Sara\u00ed Pineda Arce, presidenta del municipio sede, reconoci\u00f3 los trabajos encabezados por el Congreso del Estado y se congratul\u00f3 por que Tlacoachistlahuaca sea parte de este hist\u00f3rico proceso de consulta.<\/p>\n<p style=\"text-align: justify;\">La alcaldesa detall\u00f3 que aqu\u00ed existen 200 ni\u00f1as y ni\u00f1os con alguna discapacidad, y que 80 por ciento de los habitantes habla mixteco y 20 por ciento amuzgo. En ese sentido, destac\u00f3 que en las mesas de trabajo haya int\u00e9rpretes de estas lenguas originarias para recabar adecuadamente las vivencias de este grupo social vulnerado hist\u00f3ricamente.<\/p>\n<p style=\"text-align: justify;\"><img loading=\"lazy\" decoding=\"async\" class=\"alignleft size-medium wp-image-1255843\" src=\"https:\/\/www.acapulcopress.com\/wp-content\/uploads\/2023\/08\/CONSULTA-CONGRESOGRO3-375x250.jpg\" alt=\"\" width=\"375\" height=\"250\" \/>Al evento tambi\u00e9n asisti\u00f3 el coordinador de la Unidad de Procesos de Consulta del Congreso del Estado, Juan Salvador Susunaga Flores, as\u00ed como la secretaria del DIF Municipal, Dalia Morales Onofre; el s\u00edndico procurador del Ayuntamiento, F\u00e9lix Guerrero, y en representaci\u00f3n del Sector Salud la enfermera Yareli Nieto, adem\u00e1s del diputado suplente del Distrito XVI, Hermelindo Garc\u00eda.<\/p>\n<p><img loading=\"lazy\" decoding=\"async\" class=\"alignnone wp-image-1255841 size-large\" src=\"https:\/\/www.acapulcopress.com\/wp-content\/uploads\/2023\/08\/CONSULTA-CONGRESOGRO-840x1261.jpg\" alt=\"\" width=\"696\" height=\"1045\" \/><\/p>\n<p style=\"text-align: justify;\"><em>] S\u00edguenos en Facebook.com\/<a href=\"https:\/\/www.facebook.com\/acapulcopress\" target=\"_blank\" rel=\"noopener\">acapulcopress<\/a><\/em><\/p>\n","protected":false},"excerpt":{"rendered":"<p>TLACOACHISTLAHUACA * Agosto 2, 2023. ) Congreso de Guerrero El Congreso del Estado desarroll\u00f3 este mi\u00e9rcoles en este municipio de la Costa Chica las Mesas de Trabajo Presenciales relacionadas con la Consulta a Personas con Discapacidad para el Proceso Legislativo en Materia de Educaci\u00f3n Inclusiva. En su intervenci\u00f3n durante el desarrollo del evento, la diputada&#8230;<\/p>\n","protected":false},"author":2,"featured_media":1255846,"comment_status":"closed","ping_status":"closed","sticky":false,"template":"","format":"standard","meta":{"footnotes":""},"categories":[61,18561],"tags":[],"class_list":["post-1255840","post","type-post","status-publish","format-standard","has-post-thumbnail","hentry","category-legislacion","category-society-politics"],"_links":{"self":[{"href":"https:\/\/www.acapulcopress.com\/index.php\/wp-json\/wp\/v2\/posts\/1255840","targetHints":{"allow":["GET"]}}],"collection":[{"href":"https:\/\/www.acapulcopress.com\/index.php\/wp-json\/wp\/v2\/posts"}],"about":[{"href":"https:\/\/www.acapulcopress.com\/index.php\/wp-json\/wp\/v2\/types\/post"}],"author":[{"embeddable":true,"href":"https:\/\/www.acapulcopress.com\/index.php\/wp-json\/wp\/v2\/users\/2"}],"replies":[{"embeddable":true,"href":"https:\/\/www.acapulcopress.com\/index.php\/wp-json\/wp\/v2\/comments?post=1255840"}],"version-history":[{"count":0,"href":"https:\/\/www.acapulcopress.com\/index.php\/wp-json\/wp\/v2\/posts\/1255840\/revisions"}],"wp:featuredmedia":[{"embeddable":true,"href":"https:\/\/www.acapulcopress.com\/index.php\/wp-json\/"}],"wp:attachment":[{"href":"https:\/\/www.acapulcopress.com\/index.php\/wp-json\/wp\/v2\/media?parent=1255840"}],"wp:term":[{"taxonomy":"category","embeddable":true,"href":"https:\/\/www.acapulcopress.com\/index.php\/wp-json\/wp\/v2\/categories?post=1255840"},{"taxonomy":"post_tag","embeddable":true,"href":"https:\/\/www.acapulcopress.com\/index.php\/wp-json\/wp\/v2\/tags?post=1255840"}],"curies":[{"name":"wp","href":"https:\/\/api.w.org\/{rel}","templated":true}]}}