{"id":1255850,"date":"2023-08-02T21:54:47","date_gmt":"2023-08-03T03:54:47","guid":{"rendered":"https:\/\/www.acapulcopress.com\/?p=1255850"},"modified":"2023-08-02T21:54:47","modified_gmt":"2023-08-03T03:54:47","slug":"descubren-ciudad-prehispanica-en-tecpan","status":"publish","type":"post","link":"https:\/\/www.acapulcopress.com\/index.php\/2023\/08\/02\/descubren-ciudad-prehispanica-en-tecpan\/","title":{"rendered":"Descubren Ciudad Prehisp\u00e1nica en Tecpan"},"content":{"rendered":"<p style=\"text-align: justify;\">CHILPANCINGO * Agosto 2, 2023.<br \/>\n<em>) Gobierno de Guerrero<\/em><br \/>\nA trav\u00e9s de sus redes sociales, la gobernadora de Guerrero, <a href=\"https:\/\/www.facebook.com\/EvelynSalgadoP\" target=\"_blank\" rel=\"noopener\">Evelyn Salgado Pineda<\/a>, anunci\u00f3 el importante hallazgo de una ciudad prehisp\u00e1nica en el municipio de Tecpan de Galeana que se distribuye en 29 hect\u00e1reas, en terrenos ejidales.<\/p>\n<p style=\"text-align: justify;\">La mandataria estatal, precis\u00f3 que la localizaci\u00f3n de la zona corresponde a una inspecci\u00f3n realizada por la Secretar\u00eda de Cultura del Gobierno de M\u00e9xico, a trav\u00e9s de arque\u00f3logos del Instituto Nacional de Antropolog\u00eda e Historia (INAH), a mediados de junio de 2023.<\/p>\n<p style=\"text-align: justify;\">Indic\u00f3, que un grupo de especialistas, encabezados por el responsable del Museo de Sitio de Xihuacan, Rodolfo Lobato Rodr\u00edguez, acudieron al paraje conocido como El Cerrito, en atenci\u00f3n al aviso de los ciudadanos Servando y Gustavo Miguel Mell\u00edn, quienes refirieron la existencia de mont\u00edculos, presuntamente prehisp\u00e1nicos, en el lugar.<\/p>\n<p style=\"text-align: justify;\">Luego de los recorridos de tres d\u00edas se report\u00f3 el hallazgo de 26 mont\u00edculos menores, como altares y estructuras alargadas en buen estado de conservaci\u00f3n, mismos que delimitan plazas, adem\u00e1s de \u00e1reas residenciales y canchas de juego de pelota, explica el arque\u00f3logo.<\/p>\n<p style=\"text-align: justify;\">Dichos conjuntos se distribuyen de forma perif\u00e9rica a un mont\u00edculo de grandes dimensiones, cuya base es de 73.5 metros por 60 metros, y 25 metros de altura, con espacios adyacentes, como plazas, donde se registraron dos estelas lisas, dos afloramientos rocosos con pozuelos y pocitas.<\/p>\n<p style=\"text-align: justify;\">l interior de este complejo se identificaron hondonadas que se conjugan con las estructuras alargadas, posiblemente asociados al almacenamiento de agua y represas, ya que el sitio tiene un emplazamiento estrat\u00e9gico a 850 metros de la margen oriente del r\u00edo Tecpan y a un kil\u00f3metro de la laguna de Tetitl\u00e1n.<\/p>\n<p style=\"text-align: justify;\">El mapeo contempl\u00f3, adem\u00e1s, recorridos perif\u00e9ricos y una inspecci\u00f3n a\u00e9rea, cortes\u00eda del espele\u00f3logo Fr\u00e9d\u00e9ric Henri Jean-Marc Bochet, la cual permiti\u00f3 la localizaci\u00f3n de un altar con dos estelas gemelas en la cima del cercano cerro del Mono, punto al que est\u00e1 orientado el principal mont\u00edculo del asentamiento reci\u00e9n descubierto.<\/p>\n<p style=\"text-align: justify;\">Al cotejar las dimensiones y cercan\u00eda del sitio con el poblado de Tecpan de Galeana y el glifo topon\u00edmico que aparece en un petrograbado, con fuentes del siglo XVI, Lobato Rodr\u00edguez plantea que podr\u00eda corresponder al antiguo pueblo cabecera de Apancalecan, referido en la L\u00e1mina 18 del c\u00f3dice Matr\u00edcula de Tributos, que tras la invasi\u00f3n espa\u00f1ola se transform\u00f3 en Tequepa, como est\u00e1 asentado en un mapa del cart\u00f3grafo Abraham Ortelius, de 1570.<\/p>\n<p style=\"text-align: justify;\">En dicha l\u00e1mina del c\u00f3dice, explica el arque\u00f3logo, aparecen los top\u00f3nimos de los pueblos cabecera que conformaron la provincia de Cihuatlan, establecida despu\u00e9s de la conquista de esa regi\u00f3n que realiz\u00f3 el tlatoani mexica Ahu\u00edtzotl, entre 1497 y 1502.<\/p>\n<p style=\"text-align: justify;\">Lobato Rodr\u00edguez destaca la importancia de la localizaci\u00f3n de este sitio, el cual no se contaba en el inventario, de ah\u00ed que ya fue ingresado al Sistema \u00danico de Registro P\u00fablico de Monumentos y Zonas Arqueol\u00f3gicos; asimismo, dada la disposici\u00f3n de los ejidatarios, se har\u00e1 el montaje de la poligonal para delimitar el \u00e1rea, todo lo cual garantiza su protecci\u00f3n legal y t\u00e9cnica.<\/p>\n<p style=\"text-align: justify;\">La posible Apancalecan de los c\u00f3dices, se inserta ahora en el rompecabezas del mapa arqueol\u00f3gico de la Costa Grande, cuyas piezas han ido embonando en las \u00faltimas tres d\u00e9cadas, lo que ha revelado su desarrollo cultural desde hace mil 300 a\u00f1os antes de nuestra era, a partir del hallazgo de evidencia de horticultura y explotaci\u00f3n de fauna en la cercana laguna\u00a0de\u00a0Tetitl\u00e1n.<\/p>\n<p style=\"text-align: justify;\"><a href=\"https:\/\/www.facebook.com\/acapulcopress\" target=\"_blank\" rel=\"noopener\"><em>] S\u00edguenos en Facebook.com\/acapulcopress<\/em><\/a><\/p>\n","protected":false},"excerpt":{"rendered":"<p>CHILPANCINGO * Agosto 2, 2023. ) Gobierno de Guerrero A trav\u00e9s de sus redes sociales, la gobernadora de Guerrero, Evelyn Salgado Pineda, anunci\u00f3 el importante hallazgo de una ciudad prehisp\u00e1nica en el municipio de Tecpan de Galeana que se distribuye en 29 hect\u00e1reas, en terrenos ejidales. La mandataria estatal, precis\u00f3 que la localizaci\u00f3n de la&#8230;<\/p>\n","protected":false},"author":2,"featured_media":1255851,"comment_status":"closed","ping_status":"closed","sticky":false,"template":"","format":"standard","meta":{"footnotes":""},"categories":[1997],"tags":[5825,10302],"class_list":["post-1255850","post","type-post","status-publish","format-standard","has-post-thumbnail","hentry","category-noticias-destacadas","tag-ciudad-prehispanica-en-tecpan","tag-instituto-nacional-de-antropologia-e-historia-inah"],"_links":{"self":[{"href":"https:\/\/www.acapulcopress.com\/index.php\/wp-json\/wp\/v2\/posts\/1255850","targetHints":{"allow":["GET"]}}],"collection":[{"href":"https:\/\/www.acapulcopress.com\/index.php\/wp-json\/wp\/v2\/posts"}],"about":[{"href":"https:\/\/www.acapulcopress.com\/index.php\/wp-json\/wp\/v2\/types\/post"}],"author":[{"embeddable":true,"href":"https:\/\/www.acapulcopress.com\/index.php\/wp-json\/wp\/v2\/users\/2"}],"replies":[{"embeddable":true,"href":"https:\/\/www.acapulcopress.com\/index.php\/wp-json\/wp\/v2\/comments?post=1255850"}],"version-history":[{"count":0,"href":"https:\/\/www.acapulcopress.com\/index.php\/wp-json\/wp\/v2\/posts\/1255850\/revisions"}],"wp:featuredmedia":[{"embeddable":true,"href":"https:\/\/www.acapulcopress.com\/index.php\/wp-json\/"}],"wp:attachment":[{"href":"https:\/\/www.acapulcopress.com\/index.php\/wp-json\/wp\/v2\/media?parent=1255850"}],"wp:term":[{"taxonomy":"category","embeddable":true,"href":"https:\/\/www.acapulcopress.com\/index.php\/wp-json\/wp\/v2\/categories?post=1255850"},{"taxonomy":"post_tag","embeddable":true,"href":"https:\/\/www.acapulcopress.com\/index.php\/wp-json\/wp\/v2\/tags?post=1255850"}],"curies":[{"name":"wp","href":"https:\/\/api.w.org\/{rel}","templated":true}]}}