{"id":1255903,"date":"2023-08-04T19:03:30","date_gmt":"2023-08-05T01:03:30","guid":{"rendered":"https:\/\/www.acapulcopress.com\/?p=1255903"},"modified":"2023-08-04T19:03:30","modified_gmt":"2023-08-05T01:03:30","slug":"refuerzan-patrullajes-de-seguridad-en-acapulco","status":"publish","type":"post","link":"https:\/\/www.acapulcopress.com\/index.php\/2023\/08\/04\/refuerzan-patrullajes-de-seguridad-en-acapulco\/","title":{"rendered":"Refuerzan patrullajes de seguridad en Acapulco"},"content":{"rendered":"<p style=\"text-align: justify\">ACAPULCO * Agosto 4, 2023.<br \/>\n<em>) Gobierno de Guerrero\u00a0<\/em><br \/>\nAtendiendo las instrucciones de la Gobernadora <a href=\"https:\/\/www.facebook.com\/EvelynSalgadoP\" target=\"_blank\" rel=\"noopener\">Evelyn Salgado Pineda<\/a> de reforzar las <img loading=\"lazy\" decoding=\"async\" class=\"alignleft size-medium wp-image-1255909\" src=\"https:\/\/www.acapulcopress.com\/wp-content\/uploads\/2023\/08\/paTRULLAJES-ACAPULCO6-375x282.jpg\" alt=\"\" width=\"375\" height=\"282\" \/>acciones de vigilancia y proximidad social en el municipio de Acapulco, elementos de la Secretar\u00eda de Seguridad P\u00fablica Estatal, en estrecha coordinaci\u00f3n con la Secretar\u00eda de la Defensa Nacional, Secretar\u00eda de Marina, Guardia Nacional, Fiscal\u00eda General del Estado y Polic\u00eda municipal llevan a cabo recorridos sobre la franja tur\u00edstica y la zona poniente de esta ciudad.<\/p>\n<p style=\"text-align: justify\">El arranque del despliegue se llev\u00f3 a cabo en el exterior del Centro de Convenciones, donde particip\u00f3 personal de los tres niveles de gobierno, quienes realizan acciones de operatividad y atenci\u00f3n ciudadana.<\/p>\n<p style=\"text-align: justify\">Siguiendo las indicaciones del secretario de Seguridad P\u00fablica Estatal, Evelio M\u00e9ndez G\u00f3mez, el subsecretario de Prevenci\u00f3n y Operaci\u00f3n Policial, Irvin de Jes\u00fas Jim\u00e9nez S\u00e1nchez <img loading=\"lazy\" decoding=\"async\" class=\"alignleft size-medium wp-image-1255908\" src=\"https:\/\/www.acapulcopress.com\/wp-content\/uploads\/2023\/08\/paTRULLAJES-ACAPULCO5-375x250.jpg\" alt=\"\" width=\"375\" height=\"250\" \/>inform\u00f3 que en esta acci\u00f3n participan al menos 60 elementos de las distintas corporaciones, m\u00e1s de 12 unidades patrulla y una ambulancia.<\/p>\n<p style=\"text-align: justify\">\u00abLos tres niveles de gobierno vamos a ir haciendo presencia, vamos a ir atendiendo incidentes. Esto se hace con la finalidad de brindar atenci\u00f3n a nuestros turistas y a las personas locales. Vamos a ir atendiendo cualquier incidencia\u00bb, dijo.<\/p>\n<p style=\"text-align: justify\">El despliegue coordinado abarca la Costera Miguel Alem\u00e1n, as\u00ed como el \u00e1rea de Pie de la Cuesta, al poniente de Acapulco, puntos con mayor presencia de visitantes durante estas vacaciones de verano.<\/p>\n<p style=\"text-align: justify\">Es importante se\u00f1alar que esta medida se suma al operativo especial implementado desde <img loading=\"lazy\" decoding=\"async\" class=\"alignleft size-medium wp-image-1255906\" src=\"https:\/\/www.acapulcopress.com\/wp-content\/uploads\/2023\/08\/paTRULLAJES-ACAPULCO3-375x281.jpg\" alt=\"\" width=\"375\" height=\"281\" \/>el inicio de la temporada tur\u00edstica, con el cual se realizan patrullajes y se mantienen m\u00f3dulos permanentes en las zonas Diamante, Dorada y Tradicional del puerto.<\/p>\n<p style=\"text-align: justify\">La Secretar\u00eda de Seguridad P\u00fablica Estatal reitera su compromiso de actuar en estrecha coordinaci\u00f3n con todas las autoridades de los tres niveles de gobierno, a fin de proteger a\u00a0la\u00a0ciudadan\u00eda.<\/p>\n<p style=\"text-align: justify\"><em>] S\u00edguenos en Facebook.com\/<a href=\"https:\/\/www.facebook.com\/angel.steparious\/\" target=\"_blank\" rel=\"noopener\">angelblanco<\/a><\/em><\/p>\n","protected":false},"excerpt":{"rendered":"<p>ACAPULCO * Agosto 4, 2023. ) Gobierno de Guerrero\u00a0 Atendiendo las instrucciones de la Gobernadora Evelyn Salgado Pineda de reforzar las acciones de vigilancia y proximidad social en el municipio de Acapulco, elementos de la Secretar\u00eda de Seguridad P\u00fablica Estatal, en estrecha coordinaci\u00f3n con la Secretar\u00eda de la Defensa Nacional, Secretar\u00eda de Marina, Guardia Nacional,&#8230;<\/p>\n","protected":false},"author":2,"featured_media":1255904,"comment_status":"closed","ping_status":"closed","sticky":false,"template":"","format":"standard","meta":{"footnotes":""},"categories":[1997],"tags":[8251,8694,9532,16205,16221,16273],"class_list":["post-1255903","post","type-post","status-publish","format-standard","has-post-thumbnail","hentry","category-noticias-destacadas","tag-evelyn-salgado-pineda","tag-fiscalia-general-del-estado","tag-guardia-nacional","tag-secretaria-de-la-defensa-nacional","tag-secretaria-de-marina","tag-secretaria-de-seguridad-publica-estatal"],"_links":{"self":[{"href":"https:\/\/www.acapulcopress.com\/index.php\/wp-json\/wp\/v2\/posts\/1255903","targetHints":{"allow":["GET"]}}],"collection":[{"href":"https:\/\/www.acapulcopress.com\/index.php\/wp-json\/wp\/v2\/posts"}],"about":[{"href":"https:\/\/www.acapulcopress.com\/index.php\/wp-json\/wp\/v2\/types\/post"}],"author":[{"embeddable":true,"href":"https:\/\/www.acapulcopress.com\/index.php\/wp-json\/wp\/v2\/users\/2"}],"replies":[{"embeddable":true,"href":"https:\/\/www.acapulcopress.com\/index.php\/wp-json\/wp\/v2\/comments?post=1255903"}],"version-history":[{"count":0,"href":"https:\/\/www.acapulcopress.com\/index.php\/wp-json\/wp\/v2\/posts\/1255903\/revisions"}],"wp:featuredmedia":[{"embeddable":true,"href":"https:\/\/www.acapulcopress.com\/index.php\/wp-json\/"}],"wp:attachment":[{"href":"https:\/\/www.acapulcopress.com\/index.php\/wp-json\/wp\/v2\/media?parent=1255903"}],"wp:term":[{"taxonomy":"category","embeddable":true,"href":"https:\/\/www.acapulcopress.com\/index.php\/wp-json\/wp\/v2\/categories?post=1255903"},{"taxonomy":"post_tag","embeddable":true,"href":"https:\/\/www.acapulcopress.com\/index.php\/wp-json\/wp\/v2\/tags?post=1255903"}],"curies":[{"name":"wp","href":"https:\/\/api.w.org\/{rel}","templated":true}]}}