{"id":1255930,"date":"2023-08-07T12:14:55","date_gmt":"2023-08-07T18:14:55","guid":{"rendered":"https:\/\/www.acapulcopress.com\/?p=1255930"},"modified":"2023-08-07T12:14:55","modified_gmt":"2023-08-07T18:14:55","slug":"en-guerrero-hay-gobernadora-mas-firme-que-nunca-evelyn-salgado","status":"publish","type":"post","link":"https:\/\/www.acapulcopress.com\/index.php\/2023\/08\/07\/en-guerrero-hay-gobernadora-mas-firme-que-nunca-evelyn-salgado\/","title":{"rendered":"En Guerrero hay Gobernadora m\u00e1s firme que nunca | Evelyn Salgado"},"content":{"rendered":"<p style=\"text-align: justify\">CHILPANCINGO * Agosto 7, 2023.<br \/>\n<em>) Gobierno de Guerrero<\/em><br \/>\n\u00abHay gobernadora y estoy m\u00e1s firme que nunca, ni un paso atr\u00e1s, vamos para adelante por la transformaci\u00f3n de nuestro estado\u00bb, afirm\u00f3 la mandataria de Guerrero Evelyn Salgado Pineda durante la ceremonia c\u00edvica mensual de izamiento de bandera en la sede del Poder <img loading=\"lazy\" decoding=\"async\" class=\"alignleft size-medium wp-image-1255937\" src=\"https:\/\/www.acapulcopress.com\/wp-content\/uploads\/2023\/08\/evelyn-gro-firme7-375x250.jpg\" alt=\"\" width=\"375\" height=\"250\" \/>Ejecutivo.<\/p>\n<p style=\"text-align: justify\">En su mensaje, dijo que, como la primera mujer en gobernar al estado de Guerrero, \u00abhago frente a diversas voces, algunas desde la oscuridad y sin sustento, que, con perversi\u00f3n, con calumnias y con ofensas, buscan enga\u00f1ar a un pueblo informado\u00bb, en referencia a una informaci\u00f3n publicada en un medio nacional.<\/p>\n<p style=\"text-align: justify\">Voces que, se\u00f1al\u00f3, desde la clandestinidad, intentan desvirtuar nuestros esfuerzos con especial nostalgia por los privilegios ostentados en el pasado, en este contexto Evelyn Salgado puntualiz\u00f3 que, \u00abni medios cuestionables ni personajes oscuros cobijados en investiduras, ni figuras pol\u00edticas con pasados plagados de corrupci\u00f3n van a detener el avance de la Cuarta Transformaci\u00f3n\u00bb.<\/p>\n<p style=\"text-align: justify\"><img loading=\"lazy\" decoding=\"async\" class=\"alignleft size-medium wp-image-1255941\" src=\"https:\/\/www.acapulcopress.com\/wp-content\/uploads\/2023\/08\/evelyn-gro-firme11-375x563.jpg\" alt=\"\" width=\"375\" height=\"563\" \/>Y agreg\u00f3, \u00abtampoco van a detener a esta mujer decidida, que hoy est\u00e1 aqu\u00ed parada frente a ustedes, con la firme convicci\u00f3n de que vamos a lograr recuperar la confianza perdida por los gobiernos del pasado, porque no somos iguales\u00bb.<\/p>\n<p style=\"text-align: justify\">La gobernadora se\u00f1al\u00f3 que en las \u00faltimas semanas se han visto intentos por descarrilar los avances de la transformaci\u00f3n en Guerrero, \u00a1pero no lo van a lograr!, por lo que seguir\u00e1 ocupada al cien por ciento en gobernar con la mente y el coraz\u00f3n puestos en trabajar por los m\u00e1s vulnerables, en construir mejores condiciones de paz, de bienestar y de desarrollo para nuestro estado.<\/p>\n<p style=\"text-align: justify\">En su mensaje afirm\u00f3 que su pacto es con el pueblo y con nadie m\u00e1s, trabajando todos los d\u00edas sin descanso por la dignidad, el desarrollo y el bienestar de la gente, empezando siempre, por quienes m\u00e1s lo necesitan, en unidad y de la mano del presidente Andr\u00e9s Manuel L\u00f3pez Obrador.<\/p>\n<p style=\"text-align: justify\">Durante este evento c\u00edvico, la gobernadora Evelyn Salgado Pineda acompa\u00f1ada por el senador F\u00e9lix Salgado Macedonio, as\u00ed como los representantes del Poder Legislativo y Judicial, junto con mandos militares, navales y civiles, refrend\u00f3 su compromiso de seguir <img loading=\"lazy\" decoding=\"async\" class=\"alignleft size-medium wp-image-1255939\" src=\"https:\/\/www.acapulcopress.com\/wp-content\/uploads\/2023\/08\/evelyn-gro-firme9-375x250.jpg\" alt=\"\" width=\"375\" height=\"250\" \/>trabajando firme y decidida de la mano del pueblo de Guerrero.<\/p>\n<p style=\"text-align: justify\">Al finalizar su discurso, al grito de: \u00ab\u00a1No est\u00e1s sola! \u00a1no est\u00e1s sola!\u00bb, \u00abgobernadora, gobernadora, gobernadora\u00bb, servidores p\u00fablicos manifestaron su apoyo y respaldo a la primera mujer gobernadora de Guerrero tras los ataques medi\u00e1ticos que ha recibido\u00a0recientemente.<\/p>\n<p><img loading=\"lazy\" decoding=\"async\" class=\"alignnone wp-image-1255936 size-large\" src=\"https:\/\/www.acapulcopress.com\/wp-content\/uploads\/2023\/08\/evelyn-gro-firme6-840x560.jpg\" alt=\"\" width=\"696\" height=\"464\" \/><\/p>\n<p style=\"text-align: justify\"><em>] S\u00edguenos en Facebook.com\/<\/em><a href=\"https:\/\/www.facebook.com\/acapulcopress\" target=\"_blank\" rel=\"noopener\"><em>acapulcopress<\/em><\/a><br \/>\n<em>] S\u00edguenos en Facebook.com\/<a href=\"https:\/\/www.facebook.com\/angel.steparious\/\" target=\"_blank\" rel=\"noopener\">angelblanco\u00a0<\/a><\/em><\/p>\n","protected":false},"excerpt":{"rendered":"<p>CHILPANCINGO * Agosto 7, 2023. ) Gobierno de Guerrero \u00abHay gobernadora y estoy m\u00e1s firme que nunca, ni un paso atr\u00e1s, vamos para adelante por la transformaci\u00f3n de nuestro estado\u00bb, afirm\u00f3 la mandataria de Guerrero Evelyn Salgado Pineda durante la ceremonia c\u00edvica mensual de izamiento de bandera en la sede del Poder Ejecutivo. En su&#8230;<\/p>\n","protected":false},"author":2,"featured_media":1255932,"comment_status":"closed","ping_status":"closed","sticky":false,"template":"","format":"standard","meta":{"footnotes":""},"categories":[1972,1983,18561],"tags":[],"class_list":["post-1255930","post","type-post","status-publish","format-standard","has-post-thumbnail","hentry","category-special","category-guerrerogob","category-society-politics"],"_links":{"self":[{"href":"https:\/\/www.acapulcopress.com\/index.php\/wp-json\/wp\/v2\/posts\/1255930","targetHints":{"allow":["GET"]}}],"collection":[{"href":"https:\/\/www.acapulcopress.com\/index.php\/wp-json\/wp\/v2\/posts"}],"about":[{"href":"https:\/\/www.acapulcopress.com\/index.php\/wp-json\/wp\/v2\/types\/post"}],"author":[{"embeddable":true,"href":"https:\/\/www.acapulcopress.com\/index.php\/wp-json\/wp\/v2\/users\/2"}],"replies":[{"embeddable":true,"href":"https:\/\/www.acapulcopress.com\/index.php\/wp-json\/wp\/v2\/comments?post=1255930"}],"version-history":[{"count":0,"href":"https:\/\/www.acapulcopress.com\/index.php\/wp-json\/wp\/v2\/posts\/1255930\/revisions"}],"wp:featuredmedia":[{"embeddable":true,"href":"https:\/\/www.acapulcopress.com\/index.php\/wp-json\/"}],"wp:attachment":[{"href":"https:\/\/www.acapulcopress.com\/index.php\/wp-json\/wp\/v2\/media?parent=1255930"}],"wp:term":[{"taxonomy":"category","embeddable":true,"href":"https:\/\/www.acapulcopress.com\/index.php\/wp-json\/wp\/v2\/categories?post=1255930"},{"taxonomy":"post_tag","embeddable":true,"href":"https:\/\/www.acapulcopress.com\/index.php\/wp-json\/wp\/v2\/tags?post=1255930"}],"curies":[{"name":"wp","href":"https:\/\/api.w.org\/{rel}","templated":true}]}}