{"id":1255980,"date":"2023-08-11T20:31:28","date_gmt":"2023-08-12T02:31:28","guid":{"rendered":"https:\/\/www.acapulcopress.com\/?p=1255980"},"modified":"2023-08-11T20:31:28","modified_gmt":"2023-08-12T02:31:28","slug":"lanza-gobierno-de-guerrero-la-cuponera-del-descuento-joven","status":"publish","type":"post","link":"https:\/\/www.acapulcopress.com\/index.php\/2023\/08\/11\/lanza-gobierno-de-guerrero-la-cuponera-del-descuento-joven\/","title":{"rendered":"Lanza Gobierno de Guerrero la \u00abCuponera del descuento joven\u00bb"},"content":{"rendered":"<div class=\"xdj266r x11i5rnm xat24cr x1mh8g0r x1vvkbs x126k92a\">\n<div dir=\"auto\" style=\"text-align: justify\">CHILPANCINGO * Agosto 11, 2023.<\/div>\n<\/div>\n<div class=\"x11i5rnm xat24cr x1mh8g0r x1vvkbs xtlvy1s x126k92a\" style=\"text-align: justify\">\n<div dir=\"auto\"><em>) Gobierno de Guerrero<\/em><\/div>\n<\/div>\n<div class=\"x11i5rnm xat24cr x1mh8g0r x1vvkbs xtlvy1s x126k92a\" style=\"text-align: justify\">\n<div dir=\"auto\">\n<p>En conmemoraci\u00f3n del \u00abMes de las juventudes\u00bb, el gobierno de Guerrero que preside la gobernadora <a class=\"x1i10hfl xjbqb8w x6umtig x1b1mbwd xaqea5y xav7gou x9f619 x1ypdohk xt0psk2 xe8uvvx xdj266r x11i5rnm xat24cr x1mh8g0r xexx8yu x4uap5 x18d9i69 xkhd6sd x16tdsg8 x1hl2dhg xggy1nq x1a2a7pz xt0b8zv x1qq9wsj xo1l8bm\" role=\"link\" href=\"https:\/\/www.facebook.com\/EvelynSalgadoP?__cft__[0]=AZXRkN_xW09PLtLJG4PXRS6st0AjqmZrCc8Bpm-VLza03cjum_TGsu26k-my5ifq8jr5Geiy6EEWSfY7LPQZclkzmag59eFTUYx4Tpsx5CnREhdaF6yYbGtEi5nnyKYk7rLihDr81UtlMg5YvtpycYZYM9Kn-NUsp4c5l4tUrdgxHBPPdQfWgTN4IDtivvi9rQA&amp;__tn__=-]K-R\" target=\"_blank\" rel=\"noopener\"><span class=\"xt0psk2\">Evelyn Salgado Pineda<\/span><\/a>, lanz\u00f3 una cuponera de descuentos exclusivos \u201cDescuento Joven\u201d, la cual va dirigida a j\u00f3venes del puerto de Acapulco donde para hacer esto realidad se cont\u00f3 con la participaci\u00f3n y apoyo de importantes empresas del &#8216;Hogar del Sol&#8217;.<\/p>\n<\/div>\n<\/div>\n<div class=\"x11i5rnm xat24cr x1mh8g0r x1vvkbs xtlvy1s x126k92a\" style=\"text-align: justify\">\n<div dir=\"auto\">Estas acciones que realiza la Secretar\u00eda de la Juventud y la Ni\u00f1ez del gobierno estatal, promueven crear ambientes dignos y que busquen potencializar el desarrollo de las y los adolescentes, brindando principalmente oportunidades en su educaci\u00f3n y formaci\u00f3n.<\/p>\n<\/div>\n<\/div>\n<div class=\"x11i5rnm xat24cr x1mh8g0r x1vvkbs xtlvy1s x126k92a\" style=\"text-align: justify\">\n<div dir=\"auto\">\n<p>La titular de la <a class=\"x1i10hfl xjbqb8w x6umtig x1b1mbwd xaqea5y xav7gou x9f619 x1ypdohk xt0psk2 xe8uvvx xdj266r x11i5rnm xat24cr x1mh8g0r xexx8yu x4uap5 x18d9i69 xkhd6sd x16tdsg8 x1hl2dhg xggy1nq x1a2a7pz xt0b8zv x1qq9wsj xo1l8bm\" role=\"link\" href=\"https:\/\/www.facebook.com\/guerrerosejuve?__cft__[0]=AZXRkN_xW09PLtLJG4PXRS6st0AjqmZrCc8Bpm-VLza03cjum_TGsu26k-my5ifq8jr5Geiy6EEWSfY7LPQZclkzmag59eFTUYx4Tpsx5CnREhdaF6yYbGtEi5nnyKYk7rLihDr81UtlMg5YvtpycYZYM9Kn-NUsp4c5l4tUrdgxHBPPdQfWgTN4IDtivvi9rQA&amp;__tn__=-]K-R\" target=\"_blank\" rel=\"noopener\"><span class=\"xt0psk2\">Secretar\u00eda de la Juventud y la Ni\u00f1ez Guerrero<\/span><\/a> (Sejuve), Jessica Maldonado Morales, dijo que algunas de las empresas que se suman a este importante proyecto son \u00abPostres Bocana, CEGAIN Universidad de Gastronom\u00eda, Papa Gro, Zapata Team Jiu Jitsu, Yeti Store Acapulco, Venice Garden Art Studio, IESPS, L.N.C. Eva Berm\u00fadez\u00bb y \u00abFRANK\u2019S\u00bb, entre otros.<\/p>\n<\/div>\n<\/div>\n<div class=\"x11i5rnm xat24cr x1mh8g0r x1vvkbs xtlvy1s x126k92a\" style=\"text-align: justify\">\n<div dir=\"auto\">\n<p>La cuponera \u201cDescuento Joven\u201d est\u00e1 dirigida a j\u00f3venes de 12 a 29 a\u00f1os de edad, y va desde inscripciones gratis o hasta un 40% de descuentos en importantes universidades, por ello, la dependencia estatal invita a las juventudes acapulque\u00f1as para que aprovechen estos descuentos todo el mes de agosto y que sepan que cuentan con un Gobierno que se preocupa por su bienestar.<\/p>\n<\/div>\n<\/div>\n<div class=\"x11i5rnm xat24cr x1mh8g0r x1vvkbs xtlvy1s x126k92a\">\n<div dir=\"auto\" style=\"text-align: justify\">Maldonado Morales, dijo que este gobierno busca crear proyectos de vida para las juventudes en quienes ven grandes potenciales, por ellos se busca crear no solo espacios de recreaci\u00f3n, expresi\u00f3n y participaci\u00f3n sino tambi\u00e9n ser parte de su formaci\u00f3n acad\u00e9mica para potencializar su crecimiento.<\/div>\n<div dir=\"auto\" style=\"text-align: justify\">] S\u00edguenos en <a class=\"x1i10hfl xjbqb8w x6umtig x1b1mbwd xaqea5y xav7gou x9f619 x1ypdohk xt0psk2 xe8uvvx xdj266r x11i5rnm xat24cr x1mh8g0r xexx8yu x4uap5 x18d9i69 xkhd6sd x16tdsg8 x1hl2dhg xggy1nq x1a2a7pz xt0b8zv x1qq9wsj xo1l8bm\" role=\"link\" href=\"https:\/\/www.facebook.com\/acapulcopress?__cft__[0]=AZXRkN_xW09PLtLJG4PXRS6st0AjqmZrCc8Bpm-VLza03cjum_TGsu26k-my5ifq8jr5Geiy6EEWSfY7LPQZclkzmag59eFTUYx4Tpsx5CnREhdaF6yYbGtEi5nnyKYk7rLihDr81UtlMg5YvtpycYZYM9Kn-NUsp4c5l4tUrdgxHBPPdQfWgTN4IDtivvi9rQA&amp;__tn__=-]K-R\" target=\"_blank\" rel=\"noopener\"><span class=\"xt0psk2\">Facebook.com\/acapulcopress<\/span><\/a><\/div>\n<div dir=\"auto\" style=\"text-align: justify\">] S\u00edguenos en ) <a class=\"x1i10hfl xjbqb8w x6umtig x1b1mbwd xaqea5y xav7gou x9f619 x1ypdohk xt0psk2 xe8uvvx xdj266r x11i5rnm xat24cr x1mh8g0r xexx8yu x4uap5 x18d9i69 xkhd6sd x16tdsg8 x1hl2dhg xggy1nq x1a2a7pz xt0b8zv x1fey0fg\" role=\"link\" href=\"https:\/\/l.facebook.com\/l.php?u=http%3A%2F%2Facapulcopress.com%2F%3Ffbclid%3DIwAR1AlIvtKBsiwm7kadjyFB02mYs61cL9_eNzzJ5mJ1_rkSWB5e_q4On6NZc&amp;h=AT2FrNfpLYRRBY1X3XRpDfy36zebakdW-SkBtrKWiV4eKyqTYGqYqam_ur9qMhThem8v4rhMJxmjLqLeFasxySsCNrRzTQvSc_b_tKvfixyevBWF_M7qxgmQ_RDZwfCxvoEZ&amp;__tn__=-UK-R&amp;c[0]=AT2fdW85iFlHyC8wm27FIpA247YTH1sJHncq4ljqigDDP_iGT6-5Quk4An6_g5OVS7XrSLxJSgZ4y1lrES1I3et0VzKHx2XZ1jldSsJK40PoNMXE6m7_FccK4Yqwc784LLR8vhnkSsg0hbMxKUBJ6n4urELo_SpEw4gSFnGuCAa0n2WWViBpNk586g8hs1JqXXqwzygMJxgM\" target=\"_blank\" rel=\"nofollow noopener noreferrer\">acapulcopress.com<\/a><\/div>\n<\/div>\n","protected":false},"excerpt":{"rendered":"<p>CHILPANCINGO * Agosto 11, 2023. ) Gobierno de Guerrero En conmemoraci\u00f3n del \u00abMes de las juventudes\u00bb, el gobierno de Guerrero que preside la gobernadora Evelyn Salgado Pineda, lanz\u00f3 una cuponera de descuentos exclusivos \u201cDescuento Joven\u201d, la cual va dirigida a j\u00f3venes del puerto de Acapulco donde para hacer esto realidad se cont\u00f3 con la participaci\u00f3n&#8230;<\/p>\n","protected":false},"author":2,"featured_media":1255987,"comment_status":"closed","ping_status":"closed","sticky":false,"template":"","format":"standard","meta":{"footnotes":""},"categories":[1988,2017],"tags":[],"class_list":["post-1255980","post","type-post","status-publish","format-standard","has-post-thumbnail","hentry","category-lifestyles","category-vida-y-estilos"],"_links":{"self":[{"href":"https:\/\/www.acapulcopress.com\/index.php\/wp-json\/wp\/v2\/posts\/1255980","targetHints":{"allow":["GET"]}}],"collection":[{"href":"https:\/\/www.acapulcopress.com\/index.php\/wp-json\/wp\/v2\/posts"}],"about":[{"href":"https:\/\/www.acapulcopress.com\/index.php\/wp-json\/wp\/v2\/types\/post"}],"author":[{"embeddable":true,"href":"https:\/\/www.acapulcopress.com\/index.php\/wp-json\/wp\/v2\/users\/2"}],"replies":[{"embeddable":true,"href":"https:\/\/www.acapulcopress.com\/index.php\/wp-json\/wp\/v2\/comments?post=1255980"}],"version-history":[{"count":0,"href":"https:\/\/www.acapulcopress.com\/index.php\/wp-json\/wp\/v2\/posts\/1255980\/revisions"}],"wp:featuredmedia":[{"embeddable":true,"href":"https:\/\/www.acapulcopress.com\/index.php\/wp-json\/"}],"wp:attachment":[{"href":"https:\/\/www.acapulcopress.com\/index.php\/wp-json\/wp\/v2\/media?parent=1255980"}],"wp:term":[{"taxonomy":"category","embeddable":true,"href":"https:\/\/www.acapulcopress.com\/index.php\/wp-json\/wp\/v2\/categories?post=1255980"},{"taxonomy":"post_tag","embeddable":true,"href":"https:\/\/www.acapulcopress.com\/index.php\/wp-json\/wp\/v2\/tags?post=1255980"}],"curies":[{"name":"wp","href":"https:\/\/api.w.org\/{rel}","templated":true}]}}