{"id":1256002,"date":"2023-08-11T21:40:23","date_gmt":"2023-08-12T03:40:23","guid":{"rendered":"https:\/\/www.acapulcopress.com\/?p=1256002"},"modified":"2023-08-11T21:40:23","modified_gmt":"2023-08-12T03:40:23","slug":"por-iniciativa-estatal-se-hara-justicia-a-bahia-de-acapulco","status":"publish","type":"post","link":"https:\/\/www.acapulcopress.com\/index.php\/2023\/08\/11\/por-iniciativa-estatal-se-hara-justicia-a-bahia-de-acapulco\/","title":{"rendered":"Invertir\u00e1n 310 millones en saneamiento de bah\u00eda"},"content":{"rendered":"<p style=\"text-align: justify\"><em>* Estas acciones atender\u00e1n problemas ancestrales en materia de drenaje sanitario y fortaleciendo la red de servicios b\u00e1sicos en el puerto tur\u00edsticamente m\u00e1s emblem\u00e1tico de Guerrero <\/em><br \/>\n<strong><em>* la inversi\u00f3n hist\u00f3rica asciende a m\u00e1s de 590 millones de pesos y ser\u00e1 ejecutada de manera tripartita en los ejercicios 2022-2023 <\/em><\/strong><br \/>\n<em>* Empresarios reconocen el trabajo de la Gobernadora a favor de la transformaci\u00f3n de Guerrero<\/em><\/p>\n<p>ACAPULCO * Agosto 11, 2023.<br \/>\n<em>) <a href=\"https:\/\/www.facebook.com\/GobiernoGuerrero\" target=\"_blank\" rel=\"noopener\">Gobierno de Guerrero<\/a><\/em><\/p>\n<p><img loading=\"lazy\" decoding=\"async\" class=\"alignleft wp-image-1256026 size-medium\" src=\"https:\/\/www.acapulcopress.com\/wp-content\/uploads\/2023\/08\/TA-CAPAMA-375x469.jpg\" alt=\"\" width=\"375\" height=\"469\" \/>Como parte de la estrategia implementada entre los tres \u00f3rdenes de gobierno, para el saneamiento integral de la bah\u00eda de Acapulco, la gobernadora, <a href=\"https:\/\/www.facebook.com\/EvelynSalgadoP\" target=\"_blank\" rel=\"noopener\"><span class=\"xv78j7m\">Evelyn Salgado Pineda<\/span><\/a>, realiz\u00f3 una gira de trabajo en la que supervis\u00f3 e inaugur\u00f3 obras de infraestructura hidrosanitaria por m\u00e1s de 300 millones de pesos, con las que se atienden problemas ancestrales en materia de drenaje sanitario, fortaleciendo la red de servicios b\u00e1sicos en este municipio.<\/p>\n<p>Cabe destacar que estas acciones son parte de la inversi\u00f3n hist\u00f3rica por m\u00e1s de 590 millones de pesos, ejecutada de manera tripartita, en los ejercicios 2022-2023 en esta materia.<\/p>\n<p>En compa\u00f1\u00eda de la alcaldesa Abelina L\u00f3pez Rodr\u00edguez as\u00ed como del director de la Comisi\u00f3n de Agua Potable, Alcantarillado y Saneamiento del Estado de Guerrero (CAPASEG), Facundo Gast\u00e9lum F\u00e9lix y la directora de la Comisi\u00f3n Nacional del Agua en Guerrero (Conagua), <img loading=\"lazy\" decoding=\"async\" class=\"alignleft size-medium wp-image-1256022\" src=\"https:\/\/www.acapulcopress.com\/wp-content\/uploads\/2023\/08\/EVELYN.CAPAMA319-375x250.jpg\" alt=\"\" width=\"375\" height=\"250\" \/>Norma Arroyo Dom\u00ednguez, la gobernadora enfatiz\u00f3 que este trabajo conjunto de la mano del presidente <a href=\"https:\/\/www.facebook.com\/lopezobrador.org.mx\" target=\"_blank\" rel=\"noopener\"><span class=\"xv78j7m\">Andr\u00e9s Manuel L\u00f3pez Obrador<\/span><\/a>, est\u00e1 encaminado a promover mejores condiciones de vida para la poblaci\u00f3n, impulsando obras de gran relevancia que permitir\u00e1n el saneamiento de las aguas residuales evitando la contaminaci\u00f3n de la bah\u00eda de Acapulco.<\/p>\n<p>\u00abTodo esto con miras a garantizar playas limpias, a preservar nuestra bah\u00eda, que es el patrimonio natural m\u00e1s importante que tiene Acapulco. Y hoy nos mantenemos y reafirmamos el compromiso de entrarle a fondo a los problemas de este hermoso puerto y de resolverlos con acciones de impacto social\u00bb, expres\u00f3 la mandataria.<\/p>\n<p>De igual manera, la jefa del Ejecutivo estatal reafirm\u00f3 su compromiso de acompa\u00f1ar al <img loading=\"lazy\" decoding=\"async\" class=\"alignleft size-medium wp-image-1256018\" src=\"https:\/\/www.acapulcopress.com\/wp-content\/uploads\/2023\/08\/EVELYN.CAPAMA315-375x250.jpg\" alt=\"\" width=\"375\" height=\"250\" \/>municipio en las tareas propias de su jurisdicci\u00f3n, adem\u00e1s de realizar todo el esfuerzo presupuestal e institucional, para generar soluciones de mediano y largo plazo a problemas como el problema del agua, el cual ten\u00eda d\u00e9cadas sin ser atendido.<\/p>\n<p>\u201cEsta hist\u00f3rica decisi\u00f3n de trabajar de manera tripartita con inversi\u00f3n que va a servir para resolver de fondo la problem\u00e1tica del drenaje sanitario y del saneamiento de nuestra hermosa bah\u00eda. Y lo digo as\u00ed porque cuando estamos atendiendo demandas muy antiguas y muy sentidas de las y los acapulque\u00f1os, al tiempo que tambi\u00e9n se fortalece la vocaci\u00f3n tur\u00edstica\u201d, a\u00f1adi\u00f3 la mandataria.<\/p>\n<p>Al respecto, Evelyn Salgado dijo que seguir\u00e1 impulsando un trabajo coordinado con los <img loading=\"lazy\" decoding=\"async\" class=\"alignleft size-medium wp-image-1256016\" src=\"https:\/\/www.acapulcopress.com\/wp-content\/uploads\/2023\/08\/EVELYN.CAPAMA313-375x250.jpg\" alt=\"\" width=\"375\" height=\"250\" \/>diferentes \u00f3rdenes de gobierno, en beneficio de los guerrerenses; por ello, enfatiz\u00f3 que continuar\u00e1 en una ruta de colaboraci\u00f3n, para atender las problem\u00e1ticas de la poblaci\u00f3n, a la vez que reconoci\u00f3 la voluntad pol\u00edtica de la presidenta Abelina L\u00f3pez Rodr\u00edguez para ser part\u00edcipe de este esfuerzo conjunto. Y agreg\u00f3: \u201cVamos los tres en perfecta coordinaci\u00f3n; federaci\u00f3n, estado y municipio en estas obras\u201d.<\/p>\n<p>En este contexto, la mandataria estatal recibi\u00f3 el reconocimiento de la sociedad civil organizada, en voz del presidente del Consejo de C\u00e1maras Industriales y Empresariales de Guerrero (<span class=\"xv78j7m\">Concaingro<\/span>), Juli\u00e1n Uri\u00f3stegui Carbajal, quien respald\u00f3 el trabajo de la gobernadora para poner en marcha obras de gran relevancia en beneficio de la poblaci\u00f3n. \u201cHay que reconocer el esfuerzo presupuestal que el gobierno del estado est\u00e1 haciendo en <img loading=\"lazy\" decoding=\"async\" class=\"alignleft size-medium wp-image-1256013\" src=\"https:\/\/www.acapulcopress.com\/wp-content\/uploads\/2023\/08\/EVELYN.CAPAMA311-375x211.jpg\" alt=\"\" width=\"375\" height=\"211\" \/>solidaridad con Acapulco. Este tipo de obras son estrat\u00e9gicas, son muy importantes para los que vivimos en Acapulco e incluso para nuestros turistas\u201d, dijo.<\/p>\n<p>En un primer punto, la gobernadora visit\u00f3 la Planta de Tratamiento de Aguas Residuales de Renacimiento, en donde se invirtieron casi 18 millones de pesos para su rehabilitaci\u00f3n, en beneficio de alrededor de 148 mil 500 habitantes. Para ello se realizaron intervenciones en las \u00e1reas de Pretratamiento, Desarenador, C\u00e1rcamo de agua cruda no.2, Reactor biol\u00f3gico, M\u00f3dulo I, Sedimentaci\u00f3n, M\u00f3dulo II, C\u00e1rcamo de lodos, Deshidratador de lodos, Dosificaci\u00f3n de pol\u00edmeros, Medidor de flujos, tuber\u00eda y v\u00e1lvulas, electrificaci\u00f3n y desinfecci\u00f3n. Con ello, <img loading=\"lazy\" decoding=\"async\" class=\"alignleft size-medium wp-image-1256014\" src=\"https:\/\/www.acapulcopress.com\/wp-content\/uploads\/2023\/08\/EVELYN.CAPAMA312-2-375x250.jpg\" alt=\"\" width=\"375\" height=\"250\" \/>esta planta tendr\u00e1 la capacidad para tratar 475 litros por segundo, con lo que se refuerza el cuidado del medio ambiente y la conservaci\u00f3n de cuerpos como el r\u00edo de la Sabana.<\/p>\n<p>M\u00e1s tarde, la gobernadora se traslad\u00f3 a la planta de tratamiento Miramar, en donde inaugur\u00f3 la construcci\u00f3n del colector sanitario, as\u00ed como la rehabilitaci\u00f3n y ampliaci\u00f3n de este espacio, en donde se invirtieron m\u00e1s de 208 millones de pesos, en beneficio de 108 mil 535 habitantes. Ah\u00ed, el titular de Capaseg detall\u00f3 que esta obra permitir\u00e1 atender la demanda actual, pero tambi\u00e9n una proyecci\u00f3n futura del crecimiento poblaci\u00f3n que tendr\u00e1 esta importante zona de Acapulco.<\/p>\n<p>El Sistema integral de Saneamiento Miramar, consta del colector sanitario de 6.9 km de <img loading=\"lazy\" decoding=\"async\" class=\"alignleft size-medium wp-image-1256017\" src=\"https:\/\/www.acapulcopress.com\/wp-content\/uploads\/2023\/08\/EVELYN.CAPAMA314-375x250.jpg\" alt=\"\" width=\"375\" height=\"250\" \/>longitud, con tuber\u00eda de polietileno de alta densidad, as\u00ed como la planta de tratamiento de aguas residuales, la cual fue intervenida en su totalidad, efectuando una reingenier\u00eda para que ahora cuente con dos m\u00f3dulos m\u00e1s, ampliando su capacidad a 220 litros por segundo, atendiendo con ello los problemas de escurrimientos y aguas negras que exist\u00edan en la zona.<\/p>\n<p>Como \u00faltimo punto de su gira, inaugur\u00f3 la construcci\u00f3n del C\u00e1rcamo de Bombeo Malaspina, en el que se invirtieron m\u00e1s de 83 millones de pesos, en beneficio de 103 mil 827 habitantes. Para ello se realiz\u00f3 el equipamiento el\u00e9ctrico y electromec\u00e1nico, para una capacidad de bombeo de mil litros por segundo. Tambi\u00e9n se ejecut\u00f3 la construcci\u00f3n del colector emisor Diego Hurtado, con tuber\u00eda termofusionada de 40 pulgadas de di\u00e1metro y <img loading=\"lazy\" decoding=\"async\" class=\"alignleft size-medium wp-image-1256005\" src=\"https:\/\/www.acapulcopress.com\/wp-content\/uploads\/2023\/08\/EVELYN.CAPAMA3-375x250.jpg\" alt=\"\" width=\"375\" height=\"250\" \/>1.5 kil\u00f3metros de longitud; cabe destacar que este colector conecta el C\u00e1rcamo Malaspina con la planta de Aguas Blancas, ayudando a corregir fugas de drenaje y canalizando el agua residual para su tratamiento.<\/p>\n<p>En la gira de trabajo acompa\u00f1aron a la gobernadora, diputadas y diputados locales, representantes de la sociedad civil, as\u00ed como trabajadores de la Comisi\u00f3n de Agua Potable y Alcantarillado del Municipio de Acapulco (CAPAMA).<\/p>\n<p>EMPRESARIOS RECONOCEN TRABAJO DE GOBERNADORA A FAVOR DE GUERRERO<\/p>\n<div style=\"width: 848px;\" class=\"wp-video\"><video class=\"wp-video-shortcode\" id=\"video-1256002-1\" width=\"848\" height=\"480\" preload=\"metadata\" controls=\"controls\"><source type=\"video\/mp4\" src=\"https:\/\/www.acapulcopress.com\/wp-content\/uploads\/2023\/08\/JULIAN-URIOSTEGUI.mp4?_=1\" \/><a href=\"https:\/\/www.acapulcopress.com\/wp-content\/uploads\/2023\/08\/JULIAN-URIOSTEGUI.mp4\">https:\/\/www.acapulcopress.com\/wp-content\/uploads\/2023\/08\/JULIAN-URIOSTEGUI.mp4<\/a><\/video><\/div>\n<p>En nombre del sector empresarial del estado, el presidente del Consejo de C\u00e1maras Industriales y Empresariales de Guerrero (<span class=\"xv78j7m\">Concaingro<\/span>), Juli\u00e1n Uri\u00f3stegui Carbajal, reconoci\u00f3 el trabajo y los esfuerzos que la gobernadora Evelyn Salgado Pineda ha hecho en beneficio de las y los guerrerenses.<\/p>\n<p>Durante la gira de trabajo realizada por la mandataria estatal este viernes en Acapulco, donde supervis\u00f3 y ech\u00f3 a andar la rehabilitaci\u00f3n de 2 plantas tratadoras y 1 c\u00e1rcamo de rebombeo de aguas residuales en las colonias Renacimiento, Miramar y el fraccionamiento <img loading=\"lazy\" decoding=\"async\" class=\"alignleft size-medium wp-image-1256019\" src=\"https:\/\/www.acapulcopress.com\/wp-content\/uploads\/2023\/08\/EVELYN.CAPAMA316-375x250.jpg\" alt=\"\" width=\"375\" height=\"250\" \/>Hornos Insurgentes del puerto de Acapulco, el presidente de la Concaingro, indic\u00f3 que esto beneficia directamente a m\u00e1s de 350 mil habitantes, \u201ces decir, param\u00e9tricamente, una cuarta parte de la poblaci\u00f3n de Acapulco\u201d.<\/p>\n<p>Despu\u00e9s de a\u00f1os de abandono, la gobernadora Evelyn Salgado Pineda fortalece la red hidrosanitaria del puerto, a trav\u00e9s de la suma de esfuerzos y recursos con el gobierno del presidente Andr\u00e9s Manuel L\u00f3pez Obrador en solidaridad con Acapulco, destac\u00f3 el presidente del Consejo de C\u00e1maras Industriales.<\/p>\n<p>\u201cEn un estado en donde hay recursos tan escasos, y necesidades ilimitadas, hay que reconocer el esfuerzo presupuestal que el gobierno del estado est\u00e1 haciendo en solidaridad <img loading=\"lazy\" decoding=\"async\" class=\"alignleft size-medium wp-image-1256015\" src=\"https:\/\/www.acapulcopress.com\/wp-content\/uploads\/2023\/08\/EVELYN.CAPAMA312-375x250.jpg\" alt=\"\" width=\"375\" height=\"250\" \/>con Acapulco\u201d, subray\u00f3 Uri\u00f3stegui Carbajal.<\/p>\n<p>De igual forma, el representante del sector empresarial resalt\u00f3 cinco de las principales acciones encabezadas por la mandataria estatal, que han marcado un avance total en Guerrero, el primero fue que de noviembre de 2022 a junio de 2023, con el incremento del 270 por ciento por concepto de requerimientos estatales, se obtuvo una recaudaci\u00f3n de 32 millones de pesos adicionales.<\/p>\n<p>En el a\u00f1o 2022, el gobierno que encabeza Evelyn Salgado Pineda, redujo el gasto del Ejecutivo en un 12 por ciento, \u201ces una cantidad importante de 220 millones de pesos\u201d, indic\u00f3.<\/p>\n<p><img loading=\"lazy\" decoding=\"async\" class=\"alignleft size-medium wp-image-1256003\" src=\"https:\/\/www.acapulcopress.com\/wp-content\/uploads\/2023\/08\/EVELYN.CAPAMA-375x250.jpg\" alt=\"\" width=\"375\" height=\"250\" \/>Aunado a esto, el empresario mencion\u00f3 que en lo que va de este a\u00f1o, los ingresos de gesti\u00f3n, tuvieron un incremento del 31 por ciento, es decir mil 345 millones de pesos que aumentaron en comparaci\u00f3n del a\u00f1o anterior.<\/p>\n<p>Igualmente destac\u00f3 que la deuda p\u00fablica del estado de Guerrero se redujo en un 27 por ciento, lo que corresponde a 386 millones de pesos, que en los dos a\u00f1os de gesti\u00f3n de la gobernadora se han logrado subsanar.<\/p>\n<p>Con todo esto, las calificadoras crediticias internacionales, han colocado a Guerrero como uno de los 3 estados con menor endeudamiento del pa\u00eds, \u201cestas cifras, estos avances y logros, y entre muchos que se gestionan d\u00eda a d\u00eda en este gobierno, definen verdaderamente la determinaci\u00f3n que observamos desde el sector privado de Guerrero, de nuestro gobierno estatal\u201d.<\/p>\n<p>Finalmente, Uri\u00f3stegui Carbajal refrend\u00f3 en nombre del sector empresarial en Guerrero, el apoyo a la gobernadora Evelyn Salgado, \u201cdecirte que desde el sector privado de Guerrero, desde Concaingro y sus 32 c\u00e1maras empresariales e industriales, te refrendamos gobernadora nuestra confianza y nuestro apoyo en la ruta de crear un mejor Guerrero para todas y para todos\u201d.<\/p>\n<p style=\"text-align: justify\"><em>] S\u00edguenos en Facebook.com\/<a href=\"https:\/\/www.facebook.com\/acapulcopress\" target=\"_blank\" rel=\"noopener\">acapulcopress<\/a><\/em><br \/>\n<em>] S\u00edguenos en Facebook.com\/<a href=\"https:\/\/www.facebook.com\/angel.steparious\/\" target=\"_blank\" rel=\"noopener\">angel.steparious<\/a><\/em><\/p>\n","protected":false},"excerpt":{"rendered":"<p>* Estas acciones atender\u00e1n problemas ancestrales en materia de drenaje sanitario y fortaleciendo la red de servicios b\u00e1sicos en el puerto tur\u00edsticamente m\u00e1s emblem\u00e1tico de Guerrero * la inversi\u00f3n hist\u00f3rica asciende a m\u00e1s de 590 millones de pesos y ser\u00e1 ejecutada de manera tripartita en los ejercicios 2022-2023 * Empresarios reconocen el trabajo de la&#8230;<\/p>\n","protected":false},"author":2,"featured_media":1256006,"comment_status":"closed","ping_status":"closed","sticky":false,"template":"","format":"standard","meta":{"footnotes":""},"categories":[1997],"tags":[2294,3896,8251],"class_list":["post-1256002","post","type-post","status-publish","format-standard","has-post-thumbnail","hentry","category-noticias-destacadas","tag-saneamiento-integral-de-la-bahia-de-acapulco","tag-andres-manuel-lopez-obrador","tag-evelyn-salgado-pineda"],"_links":{"self":[{"href":"https:\/\/www.acapulcopress.com\/index.php\/wp-json\/wp\/v2\/posts\/1256002","targetHints":{"allow":["GET"]}}],"collection":[{"href":"https:\/\/www.acapulcopress.com\/index.php\/wp-json\/wp\/v2\/posts"}],"about":[{"href":"https:\/\/www.acapulcopress.com\/index.php\/wp-json\/wp\/v2\/types\/post"}],"author":[{"embeddable":true,"href":"https:\/\/www.acapulcopress.com\/index.php\/wp-json\/wp\/v2\/users\/2"}],"replies":[{"embeddable":true,"href":"https:\/\/www.acapulcopress.com\/index.php\/wp-json\/wp\/v2\/comments?post=1256002"}],"version-history":[{"count":0,"href":"https:\/\/www.acapulcopress.com\/index.php\/wp-json\/wp\/v2\/posts\/1256002\/revisions"}],"wp:featuredmedia":[{"embeddable":true,"href":"https:\/\/www.acapulcopress.com\/index.php\/wp-json\/"}],"wp:attachment":[{"href":"https:\/\/www.acapulcopress.com\/index.php\/wp-json\/wp\/v2\/media?parent=1256002"}],"wp:term":[{"taxonomy":"category","embeddable":true,"href":"https:\/\/www.acapulcopress.com\/index.php\/wp-json\/wp\/v2\/categories?post=1256002"},{"taxonomy":"post_tag","embeddable":true,"href":"https:\/\/www.acapulcopress.com\/index.php\/wp-json\/wp\/v2\/tags?post=1256002"}],"curies":[{"name":"wp","href":"https:\/\/api.w.org\/{rel}","templated":true}]}}