{"id":1256030,"date":"2023-08-14T19:38:34","date_gmt":"2023-08-15T01:38:34","guid":{"rendered":"https:\/\/www.acapulcopress.com\/?p=1256030"},"modified":"2023-08-14T19:38:34","modified_gmt":"2023-08-15T01:38:34","slug":"erigiran-monumento-en-chilpancingo-a-primera-mujer-alcaldesa-de-mexico-y-america-latina","status":"publish","type":"post","link":"https:\/\/www.acapulcopress.com\/index.php\/2023\/08\/14\/erigiran-monumento-en-chilpancingo-a-primera-mujer-alcaldesa-de-mexico-y-america-latina\/","title":{"rendered":"Erigir\u00e1n monumento en Chilpancingo a primera mujer alcaldesa de M\u00e9xico y Am\u00e9rica Latina"},"content":{"rendered":"<p style=\"text-align: justify\">CHILPANCINGO * Agosto 14, 2023.<br \/>\n<em>) Gobierno de Chilpancingo<\/em><\/p>\n<p style=\"text-align: justify\">Como parte de las acciones para reivindicar y reconocer el legado y aporte de Aurora Mesa Andraca, el Gobierno de Chilpancingo, instalar\u00e1 una estatua para honrar la memoria de la primera presidenta municipal de M\u00e9xico y Am\u00e9rica Latina.<\/p>\n<p style=\"text-align: justify\">La instalaci\u00f3n del monumento, cuya edificaci\u00f3n fue aprobada en la sesi\u00f3n de Cabildo el <img loading=\"lazy\" decoding=\"async\" class=\"alignleft size-medium wp-image-1256031\" src=\"https:\/\/www.acapulcopress.com\/wp-content\/uploads\/2023\/08\/MONUMENTO-A-ALCALDESA-CHILPO-375x500.jpg\" alt=\"\" width=\"375\" height=\"500\" \/>pasado 27 de junio de 2022, se ubicar\u00e1 en la plaza C\u00edvica Primer Congreso de An\u00e1huac de la capital del estado.<\/p>\n<p style=\"text-align: justify\">\u00abAurora Mesa Andraca es sin\u00f3nimo de rebeld\u00eda y decisi\u00f3n, pero una rebeli\u00f3n con un sentido de cambio y de lograr la igualdad y de decisi\u00f3n para demostrar la capacidad de trabajar de igual en beneficio de un lugar, de esta su tierra Chilpancingo\u00bb, indic\u00f3 la presidente municipal Norma Otilia Hern\u00e1ndez Mart\u00ednez durante la inauguraci\u00f3n del festival que organiz\u00f3 el ayuntamiento en febrero pasado.<\/p>\n<p style=\"text-align: justify\">\nMesa Andraca logr\u00f3 avances muy importantes para la \u00e9poca, destac\u00f3 la edilesa chilpancinguense, como el empedrado de calles, la construcci\u00f3n de puentes, la reforestacion de jardines y plazas, la fundaci\u00f3n de la delegaci\u00f3n de la Cruz Roja y la reinstalaci\u00f3n del hospital civil, la Instalaci\u00f3n de la primera planta de luz y la creaci\u00f3n de la primera guarder\u00eda infantil, entre muchas otras cosas.<\/p>\n<p style=\"text-align: justify\"><em>] S\u00edguenos en Facebook.com\/<a href=\"https:\/\/www.facebook.com\/acapulcopress\" target=\"_blank\" rel=\"noopener\">acapulcopress<\/a><\/em><br \/>\n<em>] S\u00edguenos en Facebook.com\/<a href=\"https:\/\/www.facebook.com\/angel.steparious\/\" target=\"_blank\" rel=\"noopener\">angel.steparious<\/a><\/em><\/p>\n","protected":false},"excerpt":{"rendered":"<p>CHILPANCINGO * Agosto 14, 2023. ) Gobierno de Chilpancingo Como parte de las acciones para reivindicar y reconocer el legado y aporte de Aurora Mesa Andraca, el Gobierno de Chilpancingo, instalar\u00e1 una estatua para honrar la memoria de la primera presidenta municipal de M\u00e9xico y Am\u00e9rica Latina. La instalaci\u00f3n del monumento, cuya edificaci\u00f3n fue aprobada&#8230;<\/p>\n","protected":false},"author":2,"featured_media":1256032,"comment_status":"closed","ping_status":"closed","sticky":false,"template":"","format":"standard","meta":{"footnotes":""},"categories":[1988,1994],"tags":[4422],"class_list":["post-1256030","post","type-post","status-publish","format-standard","has-post-thumbnail","hentry","category-lifestyles","category-personalidades","tag-aurora-mesa-andraca"],"_links":{"self":[{"href":"https:\/\/www.acapulcopress.com\/index.php\/wp-json\/wp\/v2\/posts\/1256030","targetHints":{"allow":["GET"]}}],"collection":[{"href":"https:\/\/www.acapulcopress.com\/index.php\/wp-json\/wp\/v2\/posts"}],"about":[{"href":"https:\/\/www.acapulcopress.com\/index.php\/wp-json\/wp\/v2\/types\/post"}],"author":[{"embeddable":true,"href":"https:\/\/www.acapulcopress.com\/index.php\/wp-json\/wp\/v2\/users\/2"}],"replies":[{"embeddable":true,"href":"https:\/\/www.acapulcopress.com\/index.php\/wp-json\/wp\/v2\/comments?post=1256030"}],"version-history":[{"count":0,"href":"https:\/\/www.acapulcopress.com\/index.php\/wp-json\/wp\/v2\/posts\/1256030\/revisions"}],"wp:featuredmedia":[{"embeddable":true,"href":"https:\/\/www.acapulcopress.com\/index.php\/wp-json\/"}],"wp:attachment":[{"href":"https:\/\/www.acapulcopress.com\/index.php\/wp-json\/wp\/v2\/media?parent=1256030"}],"wp:term":[{"taxonomy":"category","embeddable":true,"href":"https:\/\/www.acapulcopress.com\/index.php\/wp-json\/wp\/v2\/categories?post=1256030"},{"taxonomy":"post_tag","embeddable":true,"href":"https:\/\/www.acapulcopress.com\/index.php\/wp-json\/wp\/v2\/tags?post=1256030"}],"curies":[{"name":"wp","href":"https:\/\/api.w.org\/{rel}","templated":true}]}}