{"id":1256035,"date":"2023-08-14T19:57:30","date_gmt":"2023-08-15T01:57:30","guid":{"rendered":"https:\/\/www.acapulcopress.com\/?p=1256035"},"modified":"2023-08-14T19:57:30","modified_gmt":"2023-08-15T01:57:30","slug":"entrego-difgro-430-aparatos-funcionales-y-auditivos-a-habitantes-de-20-municipios","status":"publish","type":"post","link":"https:\/\/www.acapulcopress.com\/index.php\/2023\/08\/14\/entrego-difgro-430-aparatos-funcionales-y-auditivos-a-habitantes-de-20-municipios\/","title":{"rendered":"Entreg\u00f3 DIFGro 430 aparatos funcionales y auditivos a habitantes de 20 municipios"},"content":{"rendered":"<p style=\"text-align: justify\">CHILPANCINGO * Agosto 14, 2023.<br \/>\n) DIF Guerrero<\/p>\n<p style=\"text-align: justify\">A trav\u00e9s del programa \u201cTransformando Vidas\u201d, la presidenta del DIF Guerrero, <a href=\"https:\/\/www.facebook.com\/LizSalgadoP\" target=\"_blank\" rel=\"noopener\">Liz Salgado <img loading=\"lazy\" decoding=\"async\" class=\"alignleft size-medium wp-image-1256043\" src=\"https:\/\/www.acapulcopress.com\/wp-content\/uploads\/2023\/08\/DIFGRO8-375x250.jpg\" alt=\"\" width=\"375\" height=\"250\" \/>Pineda<\/a>, ratific\u00f3 el compromiso del gobierno del estado de apoyar a los grupos vulnerables, dot\u00e1ndolos de aparatos funcionales para mejorar su calidad de vida.<\/p>\n<p style=\"text-align: justify\">Este lunes se entregaron 430 aparatos funcionales y auditivos, para habitantes de 20 municipios de la entidad.<\/p>\n<p style=\"text-align: justify\">Lo entregado por parte de la presidenta del DIF Guerrero, representa una inversi\u00f3n superior a los dos millones de pesos, destacan sillas de ruedas, bastones, carriolas, muletas y andaderas para ni\u00f1os y adultos, as\u00ed como aparatos auditivos a personas con discapacidad.<\/p>\n<p style=\"text-align: justify\">Durante su intervenci\u00f3n, la presidenta del DIF Guerrero, agradeci\u00f3 la coordinaci\u00f3n de los <img loading=\"lazy\" decoding=\"async\" class=\"alignleft size-medium wp-image-1256042\" src=\"https:\/\/www.acapulcopress.com\/wp-content\/uploads\/2023\/08\/DIFGRO7-375x250.jpg\" alt=\"\" width=\"375\" height=\"250\" \/>tres niveles de gobierno para la realizaci\u00f3n de esta entrega, reafirmando que, durante esta administraci\u00f3n, los servicios de asistencia dejan de ser un acto de generosidad para transformarse en acciones de justicia social.<\/p>\n<p style=\"text-align: justify\">Desde el Centro de Rehabilitaci\u00f3n Integral Guerrero (CRIG), en Chilpancingo, beneficiarios de los municipios de Acapulco, Cochoapa el Grande, Iliatenco, Zihuatanejo, La Uni\u00f3n, Petatl\u00e1n, Chilapa, Chilpancingo, Eduardo Neri, Olinal\u00e1, Marquelia, Zitlala, Taxco, Quechultenango, M\u00e1rtir de Cuilapan, Huitzuco, Atoyac, Tixtla, Atlixtac y Leonardo Bravo recibieron los aparatos que requieren para mejorar sus condiciones de vida.<\/p>\n<p style=\"text-align: justify\">Salgado Pineda, destac\u00f3 que el programa \u201cTransformando Vidas\u201d contin\u00faa cumpliendo con <img loading=\"lazy\" decoding=\"async\" class=\"alignleft size-medium wp-image-1256040\" src=\"https:\/\/www.acapulcopress.com\/wp-content\/uploads\/2023\/08\/DIFGRO5-375x250.jpg\" alt=\"\" width=\"375\" height=\"250\" \/>su cometido gracias al apoyo recibido desde el gobierno del estado encabezado por la gobernadora Evelyn Salgado Pineda, quien busca los mecanismos para canalizar recursos que se traducen en apoyos para la poblaci\u00f3n.<\/p>\n<p style=\"text-align: justify\"><em>] S\u00edguenos en Facebook.com\/<a href=\"https:\/\/www.facebook.com\/acapulcopress\" target=\"_blank\" rel=\"noopener\">acapulcopress<\/a><\/em><br \/>\n<em>] S\u00edguenos en Facebook.com\/<a href=\"https:\/\/www.facebook.com\/angel.steparious\/\" target=\"_blank\" rel=\"noopener\">angel.steparious<\/a><\/em><\/p>\n","protected":false},"excerpt":{"rendered":"<p>CHILPANCINGO * Agosto 14, 2023. ) DIF Guerrero A trav\u00e9s del programa \u201cTransformando Vidas\u201d, la presidenta del DIF Guerrero, Liz Salgado Pineda, ratific\u00f3 el compromiso del gobierno del estado de apoyar a los grupos vulnerables, dot\u00e1ndolos de aparatos funcionales para mejorar su calidad de vida. Este lunes se entregaron 430 aparatos funcionales y auditivos, para&#8230;<\/p>\n","protected":false},"author":2,"featured_media":1256044,"comment_status":"closed","ping_status":"closed","sticky":false,"template":"","format":"standard","meta":{"footnotes":""},"categories":[1972,1983,18561],"tags":[2314,5530,7313,12012],"class_list":["post-1256035","post","type-post","status-publish","format-standard","has-post-thumbnail","hentry","category-special","category-guerrerogob","category-society-politics","tag-transformando-vidas","tag-centro-de-rehabilitacion-integral-guerrero-crig","tag-dif-guerrero","tag-liz-salgado-pineda"],"_links":{"self":[{"href":"https:\/\/www.acapulcopress.com\/index.php\/wp-json\/wp\/v2\/posts\/1256035","targetHints":{"allow":["GET"]}}],"collection":[{"href":"https:\/\/www.acapulcopress.com\/index.php\/wp-json\/wp\/v2\/posts"}],"about":[{"href":"https:\/\/www.acapulcopress.com\/index.php\/wp-json\/wp\/v2\/types\/post"}],"author":[{"embeddable":true,"href":"https:\/\/www.acapulcopress.com\/index.php\/wp-json\/wp\/v2\/users\/2"}],"replies":[{"embeddable":true,"href":"https:\/\/www.acapulcopress.com\/index.php\/wp-json\/wp\/v2\/comments?post=1256035"}],"version-history":[{"count":0,"href":"https:\/\/www.acapulcopress.com\/index.php\/wp-json\/wp\/v2\/posts\/1256035\/revisions"}],"wp:featuredmedia":[{"embeddable":true,"href":"https:\/\/www.acapulcopress.com\/index.php\/wp-json\/"}],"wp:attachment":[{"href":"https:\/\/www.acapulcopress.com\/index.php\/wp-json\/wp\/v2\/media?parent=1256035"}],"wp:term":[{"taxonomy":"category","embeddable":true,"href":"https:\/\/www.acapulcopress.com\/index.php\/wp-json\/wp\/v2\/categories?post=1256035"},{"taxonomy":"post_tag","embeddable":true,"href":"https:\/\/www.acapulcopress.com\/index.php\/wp-json\/wp\/v2\/tags?post=1256035"}],"curies":[{"name":"wp","href":"https:\/\/api.w.org\/{rel}","templated":true}]}}