{"id":1256052,"date":"2023-08-14T20:47:15","date_gmt":"2023-08-15T02:47:15","guid":{"rendered":"https:\/\/www.acapulcopress.com\/?p=1256052"},"modified":"2023-08-14T20:47:15","modified_gmt":"2023-08-15T02:47:15","slug":"los-moches-los-recibio-mario-delgado-de-la-linea-12-del-metro-que-se-cayo-revira-xochitl-a-mario-delgado","status":"publish","type":"post","link":"https:\/\/www.acapulcopress.com\/index.php\/2023\/08\/14\/los-moches-los-recibio-mario-delgado-de-la-linea-12-del-metro-que-se-cayo-revira-xochitl-a-mario-delgado\/","title":{"rendered":"Los \u2018moches\u2018 los recibi\u00f3 Mario Delgado de la L\u00ednea 12 del Metro que se cay\u00f3, revira X\u00f3chitl a Mario Delgado"},"content":{"rendered":"<p style=\"text-align: justify\">CIUDAD DE M\u00c9XICO * Agosto 14, 2023.<br \/>\n<em>) LatinUs<\/em><\/p>\n<p style=\"text-align: justify\">La senadora <a href=\"https:\/\/www.facebook.com\/Xochitl.Galvez.R\" target=\"_blank\" rel=\"noopener\">X\u00f3chitl G\u00e1lvez<\/a> respondi\u00f3 este lunes a la acusaci\u00f3n que hizo contra ella <a href=\"https:\/\/www.facebook.com\/mariodelgadocarrillo\" target=\"_blank\" rel=\"noopener\">Mario Delgado<\/a>, dirigente nacional de Morena, quien la se\u00f1al\u00f3 de supuestamente recibir \u201cmoches\u201d cuando fue delegada de la Miguel Hidalgo de 2015 a 2018.<\/p>\n<p style=\"text-align: justify\">\u201cLos \u2018moches\u2018 los recibi\u00f3 Mario Delgado, obviamente de la L\u00ednea 12 del Metro que se cay\u00f3\u201c, dijo en referencia a la participaci\u00f3n del l\u00edder de Morena como secretario de Finanzas de la Ciudad de M\u00e9xico durante la administraci\u00f3n de Marcelo Ebrard.<\/p>\n<p style=\"text-align: justify\">Por otra parte, la senadora acus\u00f3 a Morena de organizar una guerra sucia en su contra con la intenci\u00f3n generar una cortina de humo ante el nuevo esc\u00e1ndalo de la aspirante presidencial, Claudia Sheinbaum, se\u00f1alada de retener hasta 2 mil pesos a trabajadores del gobierno capitalino para supuestamente financiar su campa\u00f1a.<\/p>\n<p style=\"text-align: justify\">\u201cLo que tratan es desviar la atenci\u00f3n\u201c, acus\u00f3<\/p>\n<p style=\"text-align: justify\">G\u00e1lvez visit\u00f3 Quiroga, Michoac\u00e1n, en donde encabez\u00f3 una caminata al lado del tambi\u00e9n senador Germ\u00e1n Mart\u00ednez, entre banda, bailes y tacos de carnitas. Luego sostuvo un encuentro con ciudadanos de esa localidad, a quienes se les ofreci\u00f3 pozole.<\/p>\n<p style=\"text-align: justify\">En el mitin, aprovech\u00f3 para hablar de la protesta que hicieron trabajadores del gobierno de la Ciudad de M\u00e9xico porque se les retuvo 2 mil pesos de su fondo de ahorro, presuntamente para destinarlo a la campa\u00f1a de Sheinbaum.<\/p>\n<p style=\"text-align: justify\">\u201cNos acabamos de enterar de que en la Ciudad de M\u00e9xico le quitaron 2 mil pesos a cada trabajador sindicalizado, para que se vaya a la campa\u00f1a de la se\u00f1ora Sheinbaum, as\u00ed como lo hizo Delfina en Texcoco, por eso tienen tantos espectaculares\u201c, se\u00f1al\u00f3.<\/p>\n<p style=\"text-align: justify\">Dijo que dejar\u00e1 en manos de los partidos denunciar dicho desv\u00edo, pues no piensa distraerse.<\/p>\n<p style=\"text-align: justify\"><em>] S\u00edguenos en Facebook.com\/<a href=\"https:\/\/www.facebook.com\/acapulcopress\" target=\"_blank\" rel=\"noopener\">acapulcopress<\/a><\/em><br \/>\n<em>] S\u00edguenos en Facebook.com\/<a href=\"https:\/\/www.facebook.com\/angel.steparious\/\" target=\"_blank\" rel=\"noopener\">angel.steparious<\/a><\/em><\/p>\n","protected":false},"excerpt":{"rendered":"<p>CIUDAD DE M\u00c9XICO * Agosto 14, 2023. ) LatinUs La senadora X\u00f3chitl G\u00e1lvez respondi\u00f3 este lunes a la acusaci\u00f3n que hizo contra ella Mario Delgado, dirigente nacional de Morena, quien la se\u00f1al\u00f3 de supuestamente recibir \u201cmoches\u201d cuando fue delegada de la Miguel Hidalgo de 2015 a 2018. \u201cLos \u2018moches\u2018 los recibi\u00f3 Mario Delgado, obviamente de&#8230;<\/p>\n","protected":false},"author":2,"featured_media":1256053,"comment_status":"closed","ping_status":"closed","sticky":false,"template":"","format":"standard","meta":{"footnotes":""},"categories":[1972,18561,2009],"tags":[4718,11988,12677],"class_list":["post-1256052","post","type-post","status-publish","format-standard","has-post-thumbnail","hentry","category-special","category-society-politics","category-politics","tag-bertha-xochitl-galvez-ruiz","tag-linea-12-del-metro","tag-mario-delgado-carrillo"],"_links":{"self":[{"href":"https:\/\/www.acapulcopress.com\/index.php\/wp-json\/wp\/v2\/posts\/1256052","targetHints":{"allow":["GET"]}}],"collection":[{"href":"https:\/\/www.acapulcopress.com\/index.php\/wp-json\/wp\/v2\/posts"}],"about":[{"href":"https:\/\/www.acapulcopress.com\/index.php\/wp-json\/wp\/v2\/types\/post"}],"author":[{"embeddable":true,"href":"https:\/\/www.acapulcopress.com\/index.php\/wp-json\/wp\/v2\/users\/2"}],"replies":[{"embeddable":true,"href":"https:\/\/www.acapulcopress.com\/index.php\/wp-json\/wp\/v2\/comments?post=1256052"}],"version-history":[{"count":0,"href":"https:\/\/www.acapulcopress.com\/index.php\/wp-json\/wp\/v2\/posts\/1256052\/revisions"}],"wp:featuredmedia":[{"embeddable":true,"href":"https:\/\/www.acapulcopress.com\/index.php\/wp-json\/"}],"wp:attachment":[{"href":"https:\/\/www.acapulcopress.com\/index.php\/wp-json\/wp\/v2\/media?parent=1256052"}],"wp:term":[{"taxonomy":"category","embeddable":true,"href":"https:\/\/www.acapulcopress.com\/index.php\/wp-json\/wp\/v2\/categories?post=1256052"},{"taxonomy":"post_tag","embeddable":true,"href":"https:\/\/www.acapulcopress.com\/index.php\/wp-json\/wp\/v2\/tags?post=1256052"}],"curies":[{"name":"wp","href":"https:\/\/api.w.org\/{rel}","templated":true}]}}