{"id":1256055,"date":"2023-08-14T20:58:42","date_gmt":"2023-08-15T02:58:42","guid":{"rendered":"https:\/\/www.acapulcopress.com\/?p=1256055"},"modified":"2023-08-14T20:58:42","modified_gmt":"2023-08-15T02:58:42","slug":"prohiben-a-amlo-hablar-de-xochitl-por-tiempo-indefinido","status":"publish","type":"post","link":"https:\/\/www.acapulcopress.com\/index.php\/2023\/08\/14\/prohiben-a-amlo-hablar-de-xochitl-por-tiempo-indefinido\/","title":{"rendered":"Ordenan a AMLO no hablar nunca m\u00e1s de X\u00f3chitl"},"content":{"rendered":"<p style=\"text-align: justify\">CIUDAD DE M\u00c9XICO * Agosto 14, 2023.<br \/>\n<em>) <a href=\"https:\/\/www.proceso.com.mx\/nacional\/2023\/8\/14\/juez-ordena-amlo-no-hablar-de-xochitl-galvez-por-tiempo-indefinido-312724.html\" target=\"_blank\" rel=\"noopener\">Apro<\/a><\/em><\/p>\n<p style=\"text-align: justify\">Un juez federal confirm\u00f3 la orden, ahora por tiempo indefinido, de que el presidente<a href=\"https:\/\/www.facebook.com\/lopezobrador.org.mx\" target=\"_blank\" rel=\"noopener\"> <span class=\"xv78j7m\">Andr\u00e9s Manuel L\u00f3pez Obrador<\/span><\/a> no mencione nuevamente en sus conferencias matutinas a la senadora del PAN y aspirante del Frente Amplio por M\u00e9xico, <a href=\"https:\/\/www.facebook.com\/Xochitl.Galvez.R\" target=\"_blank\" rel=\"noopener\"><span class=\"xv78j7m\">X\u00f3chitl G\u00e1lvez Ruiz<\/span><\/a>.<\/p>\n<p style=\"text-align: justify\">Mart\u00edn Santos P\u00e9rez, juez Octavo de Distrito en Materia Administrativa en la Ciudad de M\u00e9xico concedi\u00f3 una suspensi\u00f3n definitiva para que el presidente no vuelva a mencionar la situaci\u00f3n financiera de las empresas de la senadora y pidi\u00f3 que se borraran las ma\u00f1aneras de redes sociales donde la mencionan.<\/p>\n<p style=\"text-align: justify\">En una suspensi\u00f3n provisional dada por el mismo juez el pasado 7 de agosto, le orden\u00f3 a algunas dependencias, como lo son Secretar\u00eda de Hacienda y Cr\u00e9dito P\u00fablico (SHCP), al Servicio de Administraci\u00f3n Tributaria (SAT), a la Unidad de Inteligencia Financiera (UIF) y a la Comisi\u00f3n Nacional Bancaria y de Valores (CNBV), que se abstuvieran de investigar a la senadora.<\/p>\n<p style=\"text-align: justify\">En relaci\u00f3n a esto, el presidente acus\u00f3 que el juzgador lo quiere silenciar y que lo acus\u00f3 de ejercer malicia efectiva a la senadora, por lo que buscar\u00e1 denunciar al juez ante el Consejo de la Judicatura Federal (CJF).<\/p>\n<p style=\"text-align: justify\">Hace un mes, el presidente difundi\u00f3 en su cuenta de Twitter un documento donde se mostraba la situaci\u00f3n financiera de una de las empresas de la senadora G\u00e1lvez, por lo que ella tramit\u00f3 un amparo para que AMLO deje de hablar de ella en sus conferencias ma\u00f1aneras.<\/p>\n<p style=\"text-align: justify\">] S\u00edguenos en <a class=\"x1fey0fg xmper1u x1edh9d7\" href=\"Facebook.com\/acapulcopress\" target=\"_blank\" rel=\"noopener\">Facebook.com\/acapulcopress\u00a0<\/a><\/p>\n","protected":false},"excerpt":{"rendered":"<p>CIUDAD DE M\u00c9XICO * Agosto 14, 2023. ) Apro Un juez federal confirm\u00f3 la orden, ahora por tiempo indefinido, de que el presidente Andr\u00e9s Manuel L\u00f3pez Obrador no mencione nuevamente en sus conferencias matutinas a la senadora del PAN y aspirante del Frente Amplio por M\u00e9xico, X\u00f3chitl G\u00e1lvez Ruiz. Mart\u00edn Santos P\u00e9rez, juez Octavo de&#8230;<\/p>\n","protected":false},"author":2,"featured_media":1256056,"comment_status":"closed","ping_status":"closed","sticky":false,"template":"","format":"standard","meta":{"footnotes":""},"categories":[1997],"tags":[3896,12757,18162],"class_list":["post-1256055","post","type-post","status-publish","format-standard","has-post-thumbnail","hentry","category-noticias-destacadas","tag-andres-manuel-lopez-obrador","tag-martin-santos-perez","tag-xochitl-galvez-ruiz"],"_links":{"self":[{"href":"https:\/\/www.acapulcopress.com\/index.php\/wp-json\/wp\/v2\/posts\/1256055","targetHints":{"allow":["GET"]}}],"collection":[{"href":"https:\/\/www.acapulcopress.com\/index.php\/wp-json\/wp\/v2\/posts"}],"about":[{"href":"https:\/\/www.acapulcopress.com\/index.php\/wp-json\/wp\/v2\/types\/post"}],"author":[{"embeddable":true,"href":"https:\/\/www.acapulcopress.com\/index.php\/wp-json\/wp\/v2\/users\/2"}],"replies":[{"embeddable":true,"href":"https:\/\/www.acapulcopress.com\/index.php\/wp-json\/wp\/v2\/comments?post=1256055"}],"version-history":[{"count":0,"href":"https:\/\/www.acapulcopress.com\/index.php\/wp-json\/wp\/v2\/posts\/1256055\/revisions"}],"wp:featuredmedia":[{"embeddable":true,"href":"https:\/\/www.acapulcopress.com\/index.php\/wp-json\/"}],"wp:attachment":[{"href":"https:\/\/www.acapulcopress.com\/index.php\/wp-json\/wp\/v2\/media?parent=1256055"}],"wp:term":[{"taxonomy":"category","embeddable":true,"href":"https:\/\/www.acapulcopress.com\/index.php\/wp-json\/wp\/v2\/categories?post=1256055"},{"taxonomy":"post_tag","embeddable":true,"href":"https:\/\/www.acapulcopress.com\/index.php\/wp-json\/wp\/v2\/tags?post=1256055"}],"curies":[{"name":"wp","href":"https:\/\/api.w.org\/{rel}","templated":true}]}}