{"id":1256063,"date":"2023-08-15T09:49:14","date_gmt":"2023-08-15T15:49:14","guid":{"rendered":"https:\/\/www.acapulcopress.com\/?p=1256063"},"modified":"2023-08-15T09:49:14","modified_gmt":"2023-08-15T15:49:14","slug":"berlin-deutschland-alemania-ciudad-del-primer-mundo","status":"publish","type":"post","link":"https:\/\/www.acapulcopress.com\/index.php\/2023\/08\/15\/berlin-deutschland-alemania-ciudad-del-primer-mundo\/","title":{"rendered":"Berl\u00edn (Deutschland), Alemania | Ciudad del Primer Mundo"},"content":{"rendered":"<p style=\"text-align: justify\">Marem\u00e1gnum<br \/>\n\u00bb RICARDO | CASTILLO BARRIENTOS<br \/>\n<em>) Facebook \/ <a href=\"https:\/\/www.facebook.com\/ricardocastill01\" target=\"_blank\" rel=\"noopener\">Ricardo Castillo Barrientos<\/a><\/em><\/p>\n<p style=\"text-align: justify\">Convivir con la naturaleza y el orden social es un privilegio que gozan los berlineses como un estilo de vida del primer mundo. No les fue f\u00e1cil reconstruir una ciudad devastada despu\u00e9s de los estragos causados por los pa\u00edses aliados (EU-Uni\u00f3n Sovi\u00e9tica-Francia-Inglaterra), en la Segunda Guerra Mundial contra el gobierno del Tercer Reich del Partido Nacionalsocialista Obrero Alem\u00e1n y su m\u00e1ximo dirigente y del pa\u00eds, Adolf Hitler.<\/p>\n<p style=\"text-align: justify\">La capacidad de resiliencia del enorme pueblo teut\u00f3n es indiscutible, qu\u00e9 como Jap\u00f3n sufri\u00f3 una gran destrucci\u00f3n y lograron levantarse en pocas d\u00e9cadas y recuperar la supremac\u00eda en campos tan importantes del desarrollo humano, cient\u00edfico, tecnol\u00f3gico, ecol\u00f3gico, social y cultural.<\/p>\n<p style=\"text-align: justify\">Berl\u00edn es una bella ciudad europea que se antoja para vivir o digna de visitarse, con un c\u00famulo de atractivos tur\u00edsticos, destacando sobre ellos, el gran desarrollo urbano alcanzado en servicios p\u00fablicos de alta gama, que distan de pa\u00edses como el nuestro d\u00f3nde son normalmente irregulares o deficientes, que a rega\u00f1adientes nos tienen acostumbrados.<\/p>\n<p style=\"text-align: justify\">Sin \u00e1nimo comparativo, tenemos conocimiento de la profunda brecha prevaleciente entre pa\u00edses del primer y tercer mundo, desarrollados y subdesarrollados, con niveles de superioridad e inferioridad en la organizaci\u00f3n social o sistema de vida.<\/p>\n<p style=\"text-align: justify\">De manera gen\u00e9rica me referir\u00e9 en las subsecuentes entregas sobre aspectos espec\u00edficos y medulares de Berl\u00edn, que lo distinguen como una ciudad ejemplar donde se configura una s\u00f3lida conciencia ecol\u00f3gica que se hace evidente en las frondosas calles y avenidas de la ciudad.<\/p>\n<p style=\"text-align: justify\">El respeto, fomento y protecci\u00f3n del medio ambiente son el centro de la vida comunitaria de una ciudad verde por excelencia; sustentable y sostenible empe\u00f1ada en reducir las emisiones de carbono en un 95%, en los pr\u00f3ximos 20 a\u00f1os para evitar al m\u00e1ximo la contaminaci\u00f3n del entorno ecol\u00f3gico.<\/p>\n<p style=\"text-align: justify\">La pol\u00edtica ambiental es el eje central de las pol\u00edticas p\u00fablicas y en ella est\u00e1n concentrados los gobernantes, dirigentes y militantes pol\u00edticos, los verdes, en primer orden. No solo de Alemania, sino de Europa por habitar el mismo continente, siendo este aspecto de la m\u00e1s alta prioridad colectiva.<\/p>\n<p style=\"text-align: justify\">Para la prevenci\u00f3n y conservaci\u00f3n del medio ambiente destacan la protecci\u00f3n de la naturaleza, la pureza del aire, la protecci\u00f3n del clima, la protecci\u00f3n de las aguas, la gesti\u00f3n de vertidos, las energ\u00edas renovables y otros elementales.<\/p>\n<p style=\"text-align: justify\">En suma, la Agenda Verde en Berl\u00edn, Alemania y Europa, es preponderante y sustentada literalmente en la Agenda 2030 para el Desarrollo Sostenible de las Naciones Unidas, con el objetivo que los habitantes tengan una vida digna capaz de garantizar la justicia y la paz, la seguridad social, as\u00ed como oportunidades de desarrollo econ\u00f3mico y sobre todo una vida m\u00e1s saludable y l\u00f3ngeva.<\/p>\n<p style=\"text-align: justify\">En M\u00e9xico contamos con leyes ambientales bien elaboradas que no tienen una estricta aplicaci\u00f3n debido al desconocimiento o la falta de inter\u00e9s de la poblaci\u00f3n, como la Ley General del Equilibrio Ecol\u00f3gico y Protecci\u00f3n al Ambiente; Ley de Aguas Nacionales; Ley General de Vida Silvestre y varias m\u00e1s.<\/p>\n<p style=\"text-align: justify\"><strong>Marea Baja.<\/strong>&#8211; Despu\u00e9s de viajar de la Ciudad de M\u00e9xico Par\u00eds-Berl\u00edn durante 14 horas, el reloj biol\u00f3gico se trastoca temporalmente, mientras la capacidad de adaptaci\u00f3n al nuevo horario se normaliza, resinti\u00e9ndose el impacto que provoca y afecta a la hora de dormir o despertar.<\/p>\n<p style=\"text-align: justify\">Eso sucede en la inmensa mayor\u00eda de los viajeros cuando las distancias est\u00e1n al otro lado del mundo, que despu\u00e9s de superada la descompensaci\u00f3n horaria (jetlag), se realizan las actividades con normalidad.<\/p>\n<p style=\"text-align: justify\"><strong>Marea Alta.<\/strong>&#8211; Las protestas o inconformidades con temas universales relevantes est\u00e1n presentes en Berl\u00edn y en un lugar ic\u00f3nico, en el coraz\u00f3n de la ciudad como \u201cLa Puerta de Brandeburgo\u201d, grandioso monumento neocl\u00e1sico del Siglo XVIII, sitio tur\u00edstico obligado.<\/p>\n<p style=\"text-align: justify\">En este lugar se repart\u00edan volantes de apoyo a la libertad de Julian Assange, qui\u00e9n se encuentra en una prisi\u00f3n de m\u00e1xima seguridad del Reino Unido, acusado de publicar cr\u00edmenes de guerra, pol\u00edticas clim\u00e1ticas y delitos inform\u00e1ticos.<\/p>\n<p style=\"text-align: justify\">Assange tiene 52 a\u00f1os de edad de origen australiano. Programador, periodista y ciberactivista, fundador y editor del controvertido sitio web \u201cWikiLeaks\u201d, en prisi\u00f3n preventiva desde el 11 de abril de 2019, en espera de ser extraditado a los Estados Unidos de Norteam\u00e9rica, donde podr\u00edan condenarlo hasta 175 a\u00f1os de c\u00e1rcel, por publicar documentos secretos de esa potencia mundial.<\/p>\n<p style=\"text-align: justify\">Los manifestantes germanos hacen un en\u00e9rgico llamado exigiendo su inmediata liberaci\u00f3n a Agnes Callamard, Secretaria General de Amnist\u00eda Internacional, a Nils Melzer, Relator Especial sobre Tortura de Naciones Unidas y a Dunja Mijatovic, Comisionada de Derechos Humanos del Consejo Europeo.<\/p>\n<p style=\"text-align: justify\">El M\u00e9xico, el presidente Andr\u00e9s Manuel L\u00f3pez Obrador, ha solicitado reiteradamente a su hom\u00f3logo el presidente norteamericano Joe Biden, la pronta libertad de Assange.<\/p>\n<p style=\"text-align: justify\"><strong>Maremoto.<\/strong>&#8211; El caso de la estudiante mexicana Mar\u00eda Fernanda S\u00e1nchez Casta\u00f1eda, que perdi\u00f3 la vida en Berl\u00edn, sigue siendo un enigma no esclarecido todav\u00eda por las autoridades alemanas.<\/p>\n<p style=\"text-align: justify\">Su cuerpo fue localizado dos semanas despu\u00e9s de su desaparici\u00f3n, flotando en un canal el pasado 5 del actual; de acuerdo a la autopsia no presentaba huellas de violencia. Entre ocho y doce semanas se podr\u00e1 determinar la causa y momento preciso del fallecimiento, por lo cual no se podr\u00eda responsabilizar a terceros.<\/p>\n<p style=\"text-align: justify\">Mar\u00eda Fernanda de 24 a\u00f1os era originaria de Quer\u00e9taro, ten\u00eda cinco meses de su llegada a Berl\u00edn para estudiar una maestr\u00eda en Dise\u00f1o de Nuevos Medios en la Universidad Europea de Ciencias Aplicadas.<\/p>\n<p style=\"text-align: justify\">La comunidad latinoamericana y la Embajada de M\u00e9xico en Berl\u00edn, esperan el esclarecimiento total del caso, ya que la impunidad no tiene cabida en el profesionalismo de las investigaciones y estudios que llevan a cabo la polic\u00eda berlinesa.<\/p>\n<p style=\"text-align: justify\"><em>] S\u00edguenos en Facebook.com\/<a href=\"https:\/\/www.facebook.com\/acapulcopress\" target=\"_blank\" rel=\"noopener\">acapulcopress<\/a><\/em><br \/>\n<em>] S\u00edguenos en Facebook.com\/<a href=\"https:\/\/www.facebook.com\/angel.steparious\/\" target=\"_blank\" rel=\"noopener\">angel.steparious<\/a><\/em><br \/>\n<em>] S\u00edguenos en ) acapulcopress.com<\/em><\/p>\n","protected":false},"excerpt":{"rendered":"<p>Marem\u00e1gnum \u00bb RICARDO | CASTILLO BARRIENTOS ) Facebook \/ Ricardo Castillo Barrientos Convivir con la naturaleza y el orden social es un privilegio que gozan los berlineses como un estilo de vida del primer mundo. No les fue f\u00e1cil reconstruir una ciudad devastada despu\u00e9s de los estragos causados por los pa\u00edses aliados (EU-Uni\u00f3n Sovi\u00e9tica-Francia-Inglaterra), en&#8230;<\/p>\n","protected":false},"author":2,"featured_media":1256064,"comment_status":"closed","ping_status":"closed","sticky":false,"template":"","format":"standard","meta":{"footnotes":""},"categories":[2071,1991],"tags":[3282,4700,12503,15575],"class_list":["post-1256063","post","type-post","status-publish","format-standard","has-post-thumbnail","hentry","category-opinion-analisis-columnas","category-libertad-de-expresion","tag-adolf-hitler","tag-berlin","tag-maremagnum","tag-ricardo-castillo-barrientos"],"_links":{"self":[{"href":"https:\/\/www.acapulcopress.com\/index.php\/wp-json\/wp\/v2\/posts\/1256063","targetHints":{"allow":["GET"]}}],"collection":[{"href":"https:\/\/www.acapulcopress.com\/index.php\/wp-json\/wp\/v2\/posts"}],"about":[{"href":"https:\/\/www.acapulcopress.com\/index.php\/wp-json\/wp\/v2\/types\/post"}],"author":[{"embeddable":true,"href":"https:\/\/www.acapulcopress.com\/index.php\/wp-json\/wp\/v2\/users\/2"}],"replies":[{"embeddable":true,"href":"https:\/\/www.acapulcopress.com\/index.php\/wp-json\/wp\/v2\/comments?post=1256063"}],"version-history":[{"count":0,"href":"https:\/\/www.acapulcopress.com\/index.php\/wp-json\/wp\/v2\/posts\/1256063\/revisions"}],"wp:featuredmedia":[{"embeddable":true,"href":"https:\/\/www.acapulcopress.com\/index.php\/wp-json\/"}],"wp:attachment":[{"href":"https:\/\/www.acapulcopress.com\/index.php\/wp-json\/wp\/v2\/media?parent=1256063"}],"wp:term":[{"taxonomy":"category","embeddable":true,"href":"https:\/\/www.acapulcopress.com\/index.php\/wp-json\/wp\/v2\/categories?post=1256063"},{"taxonomy":"post_tag","embeddable":true,"href":"https:\/\/www.acapulcopress.com\/index.php\/wp-json\/wp\/v2\/tags?post=1256063"}],"curies":[{"name":"wp","href":"https:\/\/api.w.org\/{rel}","templated":true}]}}