{"id":1256069,"date":"2023-08-15T13:44:58","date_gmt":"2023-08-15T19:44:58","guid":{"rendered":"https:\/\/www.acapulcopress.com\/?p=1256069"},"modified":"2023-08-15T13:44:58","modified_gmt":"2023-08-15T19:44:58","slug":"inicia-imss-bienestar-basificacion-de-personal-contratos-precarios-y-o-temporales","status":"publish","type":"post","link":"https:\/\/www.acapulcopress.com\/index.php\/2023\/08\/15\/inicia-imss-bienestar-basificacion-de-personal-contratos-precarios-y-o-temporales\/","title":{"rendered":"Inicia IMSS Bienestar basificaci\u00f3n de personal contratos precarios y\/o temporales"},"content":{"rendered":"<p style=\"text-align: justify\">CIUDAD DE M\u00c9XICO * Agosto 15, 2023.<br \/>\n<em>) IMSS Bienestar<\/em><\/p>\n<p style=\"text-align: justify\">En el marco del proceso de centralizaci\u00f3n de los Servicios de Salud, este martes 15 de agosto, el Gobierno de M\u00e9xico y el Gobierno de la Ciudad de M\u00e9xico inician la basificaci\u00f3n del personal de salud que actualmente tiene contratos precarios y\/o temporales.<\/p>\n<p style=\"text-align: justify\">Los Servicios de Salud IMSS Bienestar en coordinaci\u00f3n con la Secretar\u00eda de Salud de la Ciudad de M\u00e9xico (Sedesa) informan que el reclutamiento del personal de salud de hospitales de la red inicia este d\u00eda con el prop\u00f3sito de que el 1\u00b0 de septiembre formen parte de la plantilla del Organismo P\u00fablico Descentralizado (OPD) IMSS Bienestar con plaza definitiva.<\/p>\n<p style=\"text-align: justify\">La basificaci\u00f3n regularizar\u00e1 a personal de la disciplina m\u00e9dica, de enfermer\u00eda y param\u00e9dica con contratos precarios y\/o temporales para fortalecer la atenci\u00f3n m\u00e9dica en las unidades que brindan atenci\u00f3n directa a la poblaci\u00f3n que no cuenta con seguridad social.<\/p>\n<p style=\"text-align: justify\">Para ello, se desarrollar\u00e1n distintas actividades para la integraci\u00f3n de expedientes del personal susceptible de basificaci\u00f3n de manera simult\u00e1nea en sedes distintas de la Ciudad.<\/p>\n<p style=\"text-align: justify\">El personal de Sedesa con contratos precarios y\/o temporales se presentar\u00e1 a estas sedes en las que se dar\u00e1n a conocer los lineamientos generales de la contrataci\u00f3n de los Servicios de Salud IMSS Bienestar, las prestaciones a las que se har\u00e1n acreedores, as\u00ed como el tabulador de mejoras salariales que beneficiar\u00e1n a los trabajadores.<\/p>\n<p style=\"text-align: justify\">Cabe se\u00f1alar que las plazas de base, prestaciones de ley y reconocimientos de la antig\u00fcedad ser\u00e1n como personal de IMSS Bienestar, y ya no por la Sedesa; por lo que las fases subsecuentes de contrataci\u00f3n ser\u00e1n llevadas a cabo por los Servicios de Salud IMSS Bienestar. La Sedesa apoyar\u00e1 en todo momento para que el proceso se desarrolle en forma \u00e1gil.<\/p>\n<p style=\"text-align: justify\">Las y los aspirantes de la Sedesa con contratos precarios y\/o temporales que concluyan satisfactoriamente el proceso, ser\u00e1n contratados en los Servicios de Salud IMSS Bienestar a partir del primero de septiembre y cobrar\u00e1n su primer salario el 15 de ese mismo mes conforme al tabulador de puestos autorizado.<\/p>\n<p style=\"text-align: justify\">El proceso de basificaci\u00f3n del personal de salud con contratos precarios y\/o temporales toma en cuenta que las y los participantes cumplan los siguientes requisitos:<\/p>\n<p style=\"text-align: justify\"><strong>I.<\/strong> Contar con un contrato eventual o servicios profesionales por honorarios, por tiempo determinado; es decir, un contrato temporal, dando prioridad en todos los casos al criterio de antig\u00fcedad en el servicio p\u00fablico;<\/p>\n<p style=\"text-align: justify\"><strong>II.<\/strong> Estar prestando servicios en un Establecimiento de Salud susceptible de ser transferido al IMSS-Bienestar<\/p>\n<p style=\"text-align: justify\"><strong>III.<\/strong> Antig\u00fcedad en la prestaci\u00f3n de servicios<\/p>\n<p style=\"text-align: justify\"><strong>IV.<\/strong> Que el personal de salud con contrato precario y\/o eventual cumpla con el perfil acad\u00e9mico y laboral (escolaridad y experiencia laboral);<\/p>\n<p style=\"text-align: justify\"><strong>V.<\/strong> El desempe\u00f1o asociado a la capacitaci\u00f3n y reforzamiento de habilidades<\/p>\n<p style=\"text-align: justify\"><strong>VI.<\/strong> Que la persona trabajadora se encuentre sin una plaza permanente en IMSS, ISSSTE o cualquier otra instituci\u00f3n del sector salud<\/p>\n<p style=\"text-align: justify\"><strong>VII.<\/strong> Que la persona trabajadora no se encuentre inhabilitada para el desempe\u00f1o de funciones en el servicio p\u00fablico.<\/p>\n<p style=\"text-align: justify\">Con estas acciones, los Servicios de Salud IMSS Bienestar y Sedesa refrendan su compromiso para mejorar la calidad con la que se prestan los servicios m\u00e9dicos a la poblaci\u00f3n sin seguridad social y mejorar las condiciones laborales de los trabajadores de la salud en la Ciudad de M\u00e9xico.<\/p>\n<p style=\"text-align: justify\">\n<em>] S\u00edguenos en Facebook.com\/<a href=\"https:\/\/www.facebook.com\/acapulcopress\" target=\"_blank\" rel=\"noopener\">acapulcopress<\/a><\/em><br \/>\n<em>] S\u00edguenos en Facebook.com\/<a href=\"https:\/\/www.facebook.com\/angelblanco.press\" target=\"_blank\" rel=\"noopener\">angelblanco.press<\/a><\/em><\/p>\n","protected":false},"excerpt":{"rendered":"<p>CIUDAD DE M\u00c9XICO * Agosto 15, 2023. ) IMSS Bienestar En el marco del proceso de centralizaci\u00f3n de los Servicios de Salud, este martes 15 de agosto, el Gobierno de M\u00e9xico y el Gobierno de la Ciudad de M\u00e9xico inician la basificaci\u00f3n del personal de salud que actualmente tiene contratos precarios y\/o temporales. Los Servicios&#8230;<\/p>\n","protected":false},"author":2,"featured_media":1256071,"comment_status":"closed","ping_status":"closed","sticky":false,"template":"","format":"standard","meta":{"footnotes":""},"categories":[1969,1972,1998],"tags":[10092,16244],"class_list":["post-1256069","post","type-post","status-publish","format-standard","has-post-thumbnail","hentry","category-trending","category-special","category-proteccion-ciudadana","tag-imss-bienestar","tag-secretaria-de-salud-de-la-ciudad-de-mexico-sedesa"],"_links":{"self":[{"href":"https:\/\/www.acapulcopress.com\/index.php\/wp-json\/wp\/v2\/posts\/1256069","targetHints":{"allow":["GET"]}}],"collection":[{"href":"https:\/\/www.acapulcopress.com\/index.php\/wp-json\/wp\/v2\/posts"}],"about":[{"href":"https:\/\/www.acapulcopress.com\/index.php\/wp-json\/wp\/v2\/types\/post"}],"author":[{"embeddable":true,"href":"https:\/\/www.acapulcopress.com\/index.php\/wp-json\/wp\/v2\/users\/2"}],"replies":[{"embeddable":true,"href":"https:\/\/www.acapulcopress.com\/index.php\/wp-json\/wp\/v2\/comments?post=1256069"}],"version-history":[{"count":0,"href":"https:\/\/www.acapulcopress.com\/index.php\/wp-json\/wp\/v2\/posts\/1256069\/revisions"}],"wp:featuredmedia":[{"embeddable":true,"href":"https:\/\/www.acapulcopress.com\/index.php\/wp-json\/"}],"wp:attachment":[{"href":"https:\/\/www.acapulcopress.com\/index.php\/wp-json\/wp\/v2\/media?parent=1256069"}],"wp:term":[{"taxonomy":"category","embeddable":true,"href":"https:\/\/www.acapulcopress.com\/index.php\/wp-json\/wp\/v2\/categories?post=1256069"},{"taxonomy":"post_tag","embeddable":true,"href":"https:\/\/www.acapulcopress.com\/index.php\/wp-json\/wp\/v2\/tags?post=1256069"}],"curies":[{"name":"wp","href":"https:\/\/api.w.org\/{rel}","templated":true}]}}