{"id":1256086,"date":"2023-08-15T14:57:21","date_gmt":"2023-08-15T20:57:21","guid":{"rendered":"https:\/\/www.acapulcopress.com\/?p=1256086"},"modified":"2023-08-15T14:57:21","modified_gmt":"2023-08-15T20:57:21","slug":"evelyn-salgado-firma-convenio-con-imss-para-garantizar-atencion-medica-a-poblacion-sin-seguridad-social","status":"publish","type":"post","link":"https:\/\/www.acapulcopress.com\/index.php\/2023\/08\/15\/evelyn-salgado-firma-convenio-con-imss-para-garantizar-atencion-medica-a-poblacion-sin-seguridad-social\/","title":{"rendered":"Evelyn Salgado firma convenio con IMSS para garantizar atenci\u00f3n m\u00e9dica a poblaci\u00f3n sin seguridad social"},"content":{"rendered":"<p style=\"text-align: justify\">CIUDAD DE M\u00c9XICO * Agosto 15, 2023.<br \/>\n<em>) IMSS Bienestar<\/em><br \/>\nEn Palacio Nacional, el director general del Instituto Mexicano del Seguro Social (<a href=\"https:\/\/www.facebook.com\/IMSSmx\" target=\"_blank\" rel=\"noopener\">IMSS<\/a>), <a href=\"https:\/\/www.facebook.com\/RobledoZoe\" target=\"_blank\" rel=\"noopener\"><img loading=\"lazy\" decoding=\"async\" class=\"alignleft size-medium wp-image-1256089\" src=\"https:\/\/www.acapulcopress.com\/wp-content\/uploads\/2023\/08\/firma-imss-grogob3-375x234.jpg\" alt=\"\" width=\"375\" height=\"234\" \/>Zo\u00e9 Robledo Aburto; <\/a>la gobernadora de Guerrero, <a href=\"https:\/\/www.facebook.com\/EvelynSalgadoP\" target=\"_blank\" rel=\"noopener\">Evelyn Salgado Pineda<\/a>, y director general de los Servicios de Salud del \u00d3rgano P\u00fablico Descentralizado (OPD) IMSS Bienestar, doctor Alejandro Calder\u00f3n Alipi, firmaron el convenio para implementar el modelo de salud IMSS Bienestar en la entidad y garantizar atenci\u00f3n m\u00e9dica a poblaci\u00f3n sin seguridad social.<\/p>\n<p style=\"text-align: justify\">Zo\u00e9 Robledo resalt\u00f3 que la firma de este acuerdo permitir\u00e1 habilitar m\u00e1s recursos para la entidad, avanzar en el proceso de basificaci\u00f3n del personal de salud, \u201cen Guerrero la salud es tema prioritario para el gobierno de M\u00e9xico\u201d.<\/p>\n<p style=\"text-align: justify\">Por su parte, la gobernadora Evelyn Salgado indic\u00f3 que el convenio permitir\u00e1 materializar un sistema sanitario de primer nivel, terminar con el rezago hist\u00f3rico y dotar de mejores servicios m\u00e9dicos a la ciudadan\u00eda.<\/p>\n<p style=\"text-align: justify\"><em>] S\u00edguenos en Facebook.com\/<a href=\"https:\/\/www.facebook.com\/acapulcopress\" target=\"_blank\" rel=\"noopener\">acapulcopress<\/a><\/em><br \/>\n<em>] S\u00edguenos en Facebook.com\/<a href=\"https:\/\/www.facebook.com\/angelblanco.press\" target=\"_blank\" rel=\"noopener\">angelblanco.press<\/a><\/em><\/p>\n","protected":false},"excerpt":{"rendered":"<p>CIUDAD DE M\u00c9XICO * Agosto 15, 2023. ) IMSS Bienestar En Palacio Nacional, el director general del Instituto Mexicano del Seguro Social (IMSS), Zo\u00e9 Robledo Aburto; la gobernadora de Guerrero, Evelyn Salgado Pineda, y director general de los Servicios de Salud del \u00d3rgano P\u00fablico Descentralizado (OPD) IMSS Bienestar, doctor Alejandro Calder\u00f3n Alipi, firmaron el convenio&#8230;<\/p>\n","protected":false},"author":2,"featured_media":1256088,"comment_status":"closed","ping_status":"closed","sticky":false,"template":"","format":"standard","meta":{"footnotes":""},"categories":[1972,18561,2083],"tags":[3525,8251,10297,14174,16554,18327],"class_list":["post-1256086","post","type-post","status-publish","format-standard","has-post-thumbnail","hentry","category-special","category-society-politics","category-seguridad-social","tag-alejandro-calderon-alipi","tag-evelyn-salgado-pineda","tag-instituto-mexicano-del-seguro-social-imss","tag-palacio-nacional","tag-servicios-de-salud-del-organo-publico-descentralizado-opd","tag-zoe-robledo-aburto"],"_links":{"self":[{"href":"https:\/\/www.acapulcopress.com\/index.php\/wp-json\/wp\/v2\/posts\/1256086","targetHints":{"allow":["GET"]}}],"collection":[{"href":"https:\/\/www.acapulcopress.com\/index.php\/wp-json\/wp\/v2\/posts"}],"about":[{"href":"https:\/\/www.acapulcopress.com\/index.php\/wp-json\/wp\/v2\/types\/post"}],"author":[{"embeddable":true,"href":"https:\/\/www.acapulcopress.com\/index.php\/wp-json\/wp\/v2\/users\/2"}],"replies":[{"embeddable":true,"href":"https:\/\/www.acapulcopress.com\/index.php\/wp-json\/wp\/v2\/comments?post=1256086"}],"version-history":[{"count":0,"href":"https:\/\/www.acapulcopress.com\/index.php\/wp-json\/wp\/v2\/posts\/1256086\/revisions"}],"wp:featuredmedia":[{"embeddable":true,"href":"https:\/\/www.acapulcopress.com\/index.php\/wp-json\/"}],"wp:attachment":[{"href":"https:\/\/www.acapulcopress.com\/index.php\/wp-json\/wp\/v2\/media?parent=1256086"}],"wp:term":[{"taxonomy":"category","embeddable":true,"href":"https:\/\/www.acapulcopress.com\/index.php\/wp-json\/wp\/v2\/categories?post=1256086"},{"taxonomy":"post_tag","embeddable":true,"href":"https:\/\/www.acapulcopress.com\/index.php\/wp-json\/wp\/v2\/tags?post=1256086"}],"curies":[{"name":"wp","href":"https:\/\/api.w.org\/{rel}","templated":true}]}}