{"id":1256093,"date":"2023-08-15T15:29:08","date_gmt":"2023-08-15T21:29:08","guid":{"rendered":"https:\/\/www.acapulcopress.com\/?p=1256093"},"modified":"2023-08-15T15:29:08","modified_gmt":"2023-08-15T21:29:08","slug":"capacitan-a-transportistas-de-acapulco-y-zihuatanejo-en-primeros-auxilios","status":"publish","type":"post","link":"https:\/\/www.acapulcopress.com\/index.php\/2023\/08\/15\/capacitan-a-transportistas-de-acapulco-y-zihuatanejo-en-primeros-auxilios\/","title":{"rendered":"Capacitan a transportistas de Acapulco y Zihuatanejo en primeros auxilios"},"content":{"rendered":"<p style=\"text-align: justify\">* El objetivo es brindar asistencia en situaciones de emergencias<\/p>\n<p>ACAPULCO * Agosto 15, 2023.<br \/>\n<em>) Gobierno de Guerrero<\/em><\/p>\n<p style=\"text-align: justify\"><img loading=\"lazy\" decoding=\"async\" class=\"alignleft size-medium wp-image-1256108\" src=\"https:\/\/www.acapulcopress.com\/wp-content\/uploads\/2023\/08\/CAPACITACIONTRANSPORTISTAS15-375x250.jpg\" alt=\"\" width=\"375\" height=\"250\" \/>Con el prop\u00f3sito de impulsar la profesionalizaci\u00f3n de los choferes del servicio p\u00fablico en el estado, la Direcci\u00f3n de Transportes inici\u00f3 la capacitaci\u00f3n de atenci\u00f3n a emergencias y primeros auxilios al personal que ofrece su servicio en los municipios de Acapulco y Zihuatanejo.<\/p>\n<p style=\"text-align: justify\">El titular de la dependencia, Arturo Salinas Sandoval, explic\u00f3 que se trata de una estrategia integral que impulsa el gobierno de <a href=\"https:\/\/www.facebook.com\/EvelynSalgadoP\" target=\"_blank\" rel=\"noopener\">Evelyn Salgado<\/a> mediante la que se busca que los choferes de taxis, urvans y camiones urbanos, cuenten con los conocimientos necesarios para poder actuar en caso de que se presente alguna urgencia en sus unidades.<\/p>\n<p style=\"text-align: justify\">Detall\u00f3 que hasta el momento se han capacitado alrededor de 500 elementos, pertenecientes a Acapulco y Zihuatanejo, y se tiene previsto que en fechas pr\u00f3ximas este <img loading=\"lazy\" decoding=\"async\" class=\"alignleft size-medium wp-image-1256104\" src=\"https:\/\/www.acapulcopress.com\/wp-content\/uploads\/2023\/08\/CAPACITACIONTRANSPORTISTAS11-375x250.jpg\" alt=\"\" width=\"375\" height=\"250\" \/>beneficio llegue al personal de Ometepec, Chilpancingo y algunos municipios de la regi\u00f3n Monta\u00f1a.<\/p>\n<p style=\"text-align: justify\">De igual manera explic\u00f3 que la idea principal es que los choferes que ya han sido capacitados, puedan replicar con sus compa\u00f1eros los conocimientos adquiridos y con ello tener un mayor alcance.<\/p>\n<p style=\"text-align: justify\">Salinas Sandoval tambi\u00e9n refiri\u00f3 que esta capacitaci\u00f3n forma parte de las acciones que se llevan a cabo desde el gobierno del estado para lograr que la poblaci\u00f3n cuente con personal capacitado, calificado y con los est\u00e1ndares de profesionalizaci\u00f3n necesarios.<\/p>\n<p style=\"text-align: justify\">Adelant\u00f3 que los participantes de estos cursos ser\u00e1n los primeros en recibir su c\u00e9dula de identificaci\u00f3n con QR, mediante la cual los usuarios podr\u00e1n identificar a los conductores, el n\u00famero econ\u00f3mico, as\u00ed como todos los datos necesarios para que la poblaci\u00f3n pueda contar con la certeza y confianza de que est\u00e1n abordando una\u00a0unidad\u00a0segura.<\/p>\n\n<p style=\"text-align: justify\"><em>] S\u00edguenos en Facebook.com\/a<a href=\"https:\/\/www.facebook.com\/acapulcopress\" target=\"_blank\" rel=\"noopener\">capulcopress<\/a><\/em><br \/>\n<em>] S\u00edguenos en Facebook.com\/<a href=\"https:\/\/www.facebook.com\/angelblanco.press\" target=\"_blank\" rel=\"noopener\">angelblanco.press<\/a><\/em><\/p>\n","protected":false},"excerpt":{"rendered":"<p>* El objetivo es brindar asistencia en situaciones de emergencias ACAPULCO * Agosto 15, 2023. ) Gobierno de Guerrero Con el prop\u00f3sito de impulsar la profesionalizaci\u00f3n de los choferes del servicio p\u00fablico en el estado, la Direcci\u00f3n de Transportes inici\u00f3 la capacitaci\u00f3n de atenci\u00f3n a emergencias y primeros auxilios al personal que ofrece su servicio&#8230;<\/p>\n","protected":false},"author":2,"featured_media":1256105,"comment_status":"closed","ping_status":"closed","sticky":false,"template":"","format":"standard","meta":{"footnotes":""},"categories":[1969,1998],"tags":[7363,8245],"class_list":["post-1256093","post","type-post","status-publish","format-standard","has-post-thumbnail","hentry","category-trending","category-proteccion-ciudadana","tag-direccion-de-transportes-guerrero","tag-evelyn-salgado"],"_links":{"self":[{"href":"https:\/\/www.acapulcopress.com\/index.php\/wp-json\/wp\/v2\/posts\/1256093","targetHints":{"allow":["GET"]}}],"collection":[{"href":"https:\/\/www.acapulcopress.com\/index.php\/wp-json\/wp\/v2\/posts"}],"about":[{"href":"https:\/\/www.acapulcopress.com\/index.php\/wp-json\/wp\/v2\/types\/post"}],"author":[{"embeddable":true,"href":"https:\/\/www.acapulcopress.com\/index.php\/wp-json\/wp\/v2\/users\/2"}],"replies":[{"embeddable":true,"href":"https:\/\/www.acapulcopress.com\/index.php\/wp-json\/wp\/v2\/comments?post=1256093"}],"version-history":[{"count":0,"href":"https:\/\/www.acapulcopress.com\/index.php\/wp-json\/wp\/v2\/posts\/1256093\/revisions"}],"wp:featuredmedia":[{"embeddable":true,"href":"https:\/\/www.acapulcopress.com\/index.php\/wp-json\/"}],"wp:attachment":[{"href":"https:\/\/www.acapulcopress.com\/index.php\/wp-json\/wp\/v2\/media?parent=1256093"}],"wp:term":[{"taxonomy":"category","embeddable":true,"href":"https:\/\/www.acapulcopress.com\/index.php\/wp-json\/wp\/v2\/categories?post=1256093"},{"taxonomy":"post_tag","embeddable":true,"href":"https:\/\/www.acapulcopress.com\/index.php\/wp-json\/wp\/v2\/tags?post=1256093"}],"curies":[{"name":"wp","href":"https:\/\/api.w.org\/{rel}","templated":true}]}}