{"id":1256118,"date":"2023-08-15T20:16:34","date_gmt":"2023-08-16T02:16:34","guid":{"rendered":"https:\/\/www.acapulcopress.com\/?p=1256118"},"modified":"2023-08-15T20:16:34","modified_gmt":"2023-08-16T02:16:34","slug":"probabilidades-de-actividad-ciclonica-frente-a-guerrero-durante-proximas-horas","status":"publish","type":"post","link":"https:\/\/www.acapulcopress.com\/index.php\/2023\/08\/15\/probabilidades-de-actividad-ciclonica-frente-a-guerrero-durante-proximas-horas\/","title":{"rendered":"Probabilidades de actividad cicl\u00f3nica frente a Guerrero durante pr\u00f3ximas horas"},"content":{"rendered":"<div class=\"xdj266r x11i5rnm xat24cr x1mh8g0r x1vvkbs x126k92a\">\n<div dir=\"auto\">CHILPANCINGO * Agosto 15, 2023.<br \/>\n<em>) Protecci\u00f3n Civil Guerrero<\/em><\/p>\n<\/div>\n<\/div>\n<div class=\"x11i5rnm xat24cr x1mh8g0r x1vvkbs xtlvy1s x126k92a\">\n<div dir=\"auto\" style=\"text-align: justify\">La <a class=\"x1i10hfl xjbqb8w x6umtig x1b1mbwd xaqea5y xav7gou x9f619 x1ypdohk xt0psk2 xe8uvvx xdj266r x11i5rnm xat24cr x1mh8g0r xexx8yu x4uap5 x18d9i69 xkhd6sd x16tdsg8 x1hl2dhg xggy1nq x1a2a7pz xt0b8zv x1qq9wsj xo1l8bm\" role=\"link\" href=\"https:\/\/www.facebook.com\/SGIRPCGro?__cft__[0]=AZVyTEJAdZmOThPOYVt2Gmy6YOhFOW3ZNqk-lhQYj7GqAQnSMadgTjfKl06OVuxYc-lYt5NEhu7b9ZsKKg2cAz4Qw-b_XW-pRtVn6amAFxP9Fs0_e0GOq7sgKSCwWWdTYoZ5fzlVdWh_wWH5C5KN7SHo&amp;__tn__=-]K-R\" target=\"_blank\" rel=\"noopener\"><span class=\"xt0psk2\">Secretar\u00eda de Gesti\u00f3n Integral de Riesgos y Protecci\u00f3n Civil Guerrero<\/span><\/a> informa que esta tarde una \u00abzona de baja presi\u00f3n asociada a la onda tropical n\u00famero 22 mantiene 80% de probabilidad para desarrollo cicl\u00f3nico en 48 horas y 90% en 7 d\u00edas\u00bb. Dicho fen\u00f3meno atmosf\u00e9rico se localiza a 570 km al sur de Lagunas de Chacahua, Oaxaca y se desplaza hacia el oeste-noreste.<\/p>\n<p><em>] S\u00edguenos en Facebook.com\/<a href=\"https:\/\/www.facebook.com\/acapulcopress\" target=\"_blank\" rel=\"noopener\">acapulcopress<\/a><\/em><br \/>\n<em>] S\u00edguenos en Facebook.com\/<a href=\"https:\/\/www.facebook.com\/angelblanco.press\" target=\"_blank\" rel=\"noopener\">angelblanco.press<\/a><\/em><\/p>\n<\/div>\n<\/div>\n","protected":false},"excerpt":{"rendered":"<p>CHILPANCINGO * Agosto 15, 2023. ) Protecci\u00f3n Civil Guerrero La Secretar\u00eda de Gesti\u00f3n Integral de Riesgos y Protecci\u00f3n Civil Guerrero informa que esta tarde una \u00abzona de baja presi\u00f3n asociada a la onda tropical n\u00famero 22 mantiene 80% de probabilidad para desarrollo cicl\u00f3nico en 48 horas y 90% en 7 d\u00edas\u00bb. Dicho fen\u00f3meno atmosf\u00e9rico se&#8230;<\/p>\n","protected":false},"author":2,"featured_media":1256119,"comment_status":"closed","ping_status":"closed","sticky":false,"template":"","format":"standard","meta":{"footnotes":""},"categories":[2036,1969],"tags":[9302,16195],"class_list":["post-1256118","post","type-post","status-publish","format-standard","has-post-thumbnail","hentry","category-el-clima","category-trending","tag-gobierno-de-guerrero","tag-secretaria-de-gestion-integral-de-riesgos-y-proteccion-civil-guerrero"],"_links":{"self":[{"href":"https:\/\/www.acapulcopress.com\/index.php\/wp-json\/wp\/v2\/posts\/1256118","targetHints":{"allow":["GET"]}}],"collection":[{"href":"https:\/\/www.acapulcopress.com\/index.php\/wp-json\/wp\/v2\/posts"}],"about":[{"href":"https:\/\/www.acapulcopress.com\/index.php\/wp-json\/wp\/v2\/types\/post"}],"author":[{"embeddable":true,"href":"https:\/\/www.acapulcopress.com\/index.php\/wp-json\/wp\/v2\/users\/2"}],"replies":[{"embeddable":true,"href":"https:\/\/www.acapulcopress.com\/index.php\/wp-json\/wp\/v2\/comments?post=1256118"}],"version-history":[{"count":0,"href":"https:\/\/www.acapulcopress.com\/index.php\/wp-json\/wp\/v2\/posts\/1256118\/revisions"}],"wp:featuredmedia":[{"embeddable":true,"href":"https:\/\/www.acapulcopress.com\/index.php\/wp-json\/"}],"wp:attachment":[{"href":"https:\/\/www.acapulcopress.com\/index.php\/wp-json\/wp\/v2\/media?parent=1256118"}],"wp:term":[{"taxonomy":"category","embeddable":true,"href":"https:\/\/www.acapulcopress.com\/index.php\/wp-json\/wp\/v2\/categories?post=1256118"},{"taxonomy":"post_tag","embeddable":true,"href":"https:\/\/www.acapulcopress.com\/index.php\/wp-json\/wp\/v2\/tags?post=1256118"}],"curies":[{"name":"wp","href":"https:\/\/api.w.org\/{rel}","templated":true}]}}