{"id":1256129,"date":"2023-08-16T00:16:12","date_gmt":"2023-08-16T06:16:12","guid":{"rendered":"https:\/\/www.acapulcopress.com\/?p=1256129"},"modified":"2023-08-16T00:16:12","modified_gmt":"2023-08-16T06:16:12","slug":"cualquier-corcholata-venceria-a-xochitl-revela-encuesta","status":"publish","type":"post","link":"https:\/\/www.acapulcopress.com\/index.php\/2023\/08\/16\/cualquier-corcholata-venceria-a-xochitl-revela-encuesta\/","title":{"rendered":"Cualquier \u2018corcholata\u2019 vencer\u00eda a X\u00f3chitl | Encuesta"},"content":{"rendered":"<p style=\"text-align: justify\">CHILPANCINGO * Agosto 15, 2023.<br \/>\n<em>) Forbes M\u00e9xico<\/em><\/p>\n<p style=\"text-align: justify\">Seg\u00fan una encuesta de <a href=\"https:\/\/www.facebook.com\/delasherasdemotecnia\" target=\"_blank\" rel=\"noopener\"><em>De las Heras Demotecnia<\/em><\/a>, <a href=\"https:\/\/www.facebook.com\/ClaudiaSheinbaumPardo\" target=\"_blank\" rel=\"noopener\">Claudia Sheinbaum<\/a> es la preferida para la candidatura presidencial por Morena; adem\u00e1s, este estudio asegura que cualquiera de las seis \u201ccorcholatas\u201d le ganar\u00eda la presidencia a <a href=\"https:\/\/www.facebook.com\/Xochitl.Galvez.R\" target=\"_blank\" rel=\"noopener\">X\u00f3chitl G\u00e1lvez<\/a>, quien es la mejor posicionada en la oposici\u00f3n.<\/p>\n<p style=\"text-align: justify\">La casa encuestadora le pregunt\u00f3 a los ciudadanos \u201c\u00bfQui\u00e9n prefiere usted que sea el candidato o candidata de Morena-PT-Partido Verde a presidente de la Rep\u00fablica?\u201d. Un 41% opt\u00f3 por Sheinbaum, exjefa de Gobierno de la Ciudad de M\u00e9xico; 18%, por Marcelo Ebrard; 6%, por Gerardo Fern\u00e1ndez Noro\u00f1a; otro 6% por Ad\u00e1n Augusto L\u00f3pez y 2%, Ricardo Monreal y Manuel Velasco, respectivamente.<\/p>\n<p style=\"text-align: justify\">Mientras, en la oposici\u00f3n, la preferida para la candidatura presidencial es la senadora del PAN, X\u00f3chitl G\u00e1lvez, quien sum\u00f3 20 puntos porcentuales; en segundo lugar qued\u00f3 la priista Beatriz Paredes, con 11%; despu\u00e9s le sigui\u00f3 el perredista Miguel Mancera, con 10%, y en cuarto lugar se ubic\u00f3 el panista Santiago Creel, con 9%.<\/p>\n<p style=\"text-align: justify\">Pese a su tercer lugar, Mancera qued\u00f3 fuera ya del proceso de selecci\u00f3n para la candidatura presidencial del Frente Amplio por M\u00e9xico (PRI-PAN-PRD) por no cumplir totalmente la recolecci\u00f3n de las firmas necesarias, con lo cual se inconform\u00f3 el senador del PRD.<\/p>\n<p style=\"text-align: justify\">Aunque X\u00f3chitl G\u00e1lvez encabeza las preferencias desde la alianza opositora, al ser medida con cualquiera de las llamadas \u201ccorcholatas\u201d de Morena y aliados, ella pierde con una diferencia de 33 a 44 puntos porcentuales.<\/p>\n<p style=\"text-align: justify\">Ante la pregunta \u201cSi \u00e9stos fueran los candidatos para la Presidencia de la Rep\u00fablica, \u00bfpor cu\u00e1l de ellos votar\u00eda?\u201d. En el primer escenario donde Claudia Sheinbaum es la candidata de Morena, X\u00f3chitl G\u00e1lvez tiene una desventaja de 44 puntos; frente a Marcelo Ebrard, queda 44 puntos debajo; con Ad\u00e1n Augusto L\u00f3pez, 40 puntos abajo; con Gerardo Fern\u00e1ndez Noro\u00f1a, 36; con Manuel Velasco, 35, y con Ricardo Monreal, 33 puntos.<\/p>\n<p style=\"text-align: justify\"><em>] S\u00edguenos en Facebook.com\/<a href=\"https:\/\/www.facebook.com\/acapulcopress\" target=\"_blank\" rel=\"noopener\">acapulcopress<\/a><\/em><br \/>\n<em>] S\u00edguenos en Facebook.com\/<a href=\"https:\/\/www.facebook.com\/angelblanco.press\" target=\"_blank\" rel=\"noopener\">angelblanco.press<\/a><\/em><\/p>\n","protected":false},"excerpt":{"rendered":"<p>CHILPANCINGO * Agosto 15, 2023. ) Forbes M\u00e9xico Seg\u00fan una encuesta de De las Heras Demotecnia, Claudia Sheinbaum es la preferida para la candidatura presidencial por Morena; adem\u00e1s, este estudio asegura que cualquiera de las seis \u201ccorcholatas\u201d le ganar\u00eda la presidencia a X\u00f3chitl G\u00e1lvez, quien es la mejor posicionada en la oposici\u00f3n. La casa encuestadora&#8230;<\/p>\n","protected":false},"author":2,"featured_media":1256140,"comment_status":"closed","ping_status":"closed","sticky":false,"template":"","format":"standard","meta":{"footnotes":""},"categories":[1997],"tags":[5853,7012,18161,18162],"class_list":["post-1256129","post","type-post","status-publish","format-standard","has-post-thumbnail","hentry","category-noticias-destacadas","tag-claudia-sheinbaum-pardo","tag-de-las-heras-demotecnia","tag-xochitl-galvez","tag-xochitl-galvez-ruiz"],"_links":{"self":[{"href":"https:\/\/www.acapulcopress.com\/index.php\/wp-json\/wp\/v2\/posts\/1256129","targetHints":{"allow":["GET"]}}],"collection":[{"href":"https:\/\/www.acapulcopress.com\/index.php\/wp-json\/wp\/v2\/posts"}],"about":[{"href":"https:\/\/www.acapulcopress.com\/index.php\/wp-json\/wp\/v2\/types\/post"}],"author":[{"embeddable":true,"href":"https:\/\/www.acapulcopress.com\/index.php\/wp-json\/wp\/v2\/users\/2"}],"replies":[{"embeddable":true,"href":"https:\/\/www.acapulcopress.com\/index.php\/wp-json\/wp\/v2\/comments?post=1256129"}],"version-history":[{"count":0,"href":"https:\/\/www.acapulcopress.com\/index.php\/wp-json\/wp\/v2\/posts\/1256129\/revisions"}],"wp:featuredmedia":[{"embeddable":true,"href":"https:\/\/www.acapulcopress.com\/index.php\/wp-json\/"}],"wp:attachment":[{"href":"https:\/\/www.acapulcopress.com\/index.php\/wp-json\/wp\/v2\/media?parent=1256129"}],"wp:term":[{"taxonomy":"category","embeddable":true,"href":"https:\/\/www.acapulcopress.com\/index.php\/wp-json\/wp\/v2\/categories?post=1256129"},{"taxonomy":"post_tag","embeddable":true,"href":"https:\/\/www.acapulcopress.com\/index.php\/wp-json\/wp\/v2\/tags?post=1256129"}],"curies":[{"name":"wp","href":"https:\/\/api.w.org\/{rel}","templated":true}]}}