{"id":1256130,"date":"2023-08-15T22:08:25","date_gmt":"2023-08-16T04:08:25","guid":{"rendered":"https:\/\/www.acapulcopress.com\/?p=1256130"},"modified":"2023-08-15T22:08:25","modified_gmt":"2023-08-16T04:08:25","slug":"presento-sspgro-la-unidad-de-proximidad-policial","status":"publish","type":"post","link":"https:\/\/www.acapulcopress.com\/index.php\/2023\/08\/15\/presento-sspgro-la-unidad-de-proximidad-policial\/","title":{"rendered":"Present\u00f3 SSPGro la Unidad de Proximidad Policial"},"content":{"rendered":"<p style=\"text-align: justify\">CHILPANCINGO * Agosto 15, 2023.<br \/>\n<em>) Gobierno de Guerrero<\/em><br \/>\nEn seguimiento y atenci\u00f3n a las indicaciones de la Gobernadora Evelyn Salgado Pineda de <img loading=\"lazy\" decoding=\"async\" class=\"alignleft size-medium wp-image-1256135\" src=\"https:\/\/www.acapulcopress.com\/wp-content\/uploads\/2023\/08\/UNIDAD-POLICIAL-GRO5-1-375x250.jpg\" alt=\"\" width=\"375\" height=\"250\" \/>atender la violencia desde la ra\u00edz, por instrucciones del secretario de Seguridad P\u00fablica Estatal, Evelio M\u00e9ndez G\u00f3mez, este martes qued\u00f3 integrada la Unidad de Proximidad Policial de la Polic\u00eda Estatal.<\/p>\n<p style=\"text-align: justify\">El objetivo de este nuevo grupo es el de patrullar cuadrantes y colonias prioritarias de distintas ciudades, como del municipio de Chilpancingo a fin de fortalecer la seguridad y la prevenci\u00f3n del delito.<\/p>\n<p style=\"text-align: justify\">El arranque de los trabajos de la Unidad de Proximidad Policial se llev\u00f3 a cabo en el parque de la colonia 20 de Noviembre, extendi\u00e9ndose hasta las colonias: Primer Congreso de An\u00e1huac, PRD y Lomas del Poniente.<\/p>\n<p style=\"text-align: justify\">La Unidad de Proximidad Policial est\u00e1 conformada por personal operativo y de la Direcci\u00f3n <img loading=\"lazy\" decoding=\"async\" class=\"alignleft size-medium wp-image-1256133\" src=\"https:\/\/www.acapulcopress.com\/wp-content\/uploads\/2023\/08\/UNIDAD-POLICIAL-GRO2-1-375x250.jpg\" alt=\"\" width=\"375\" height=\"250\" \/>General de Prevenci\u00f3n Social del Delito.<\/p>\n<p style=\"text-align: justify\">Adem\u00e1s, durante los recorridos elementos del Grupo T\u00e1ctico de Reacci\u00f3n Inmediata Centauro tambi\u00e9n se suman a los patrullajes para dar una puntual atenci\u00f3n a la ciudadan\u00eda.<\/p>\n<p style=\"text-align: justify\">\u201cQueremos cambiar la percepci\u00f3n de las personas. Que la gente sepa que estamos trabajando, que como Polic\u00eda del Estado estamos trabajando, que se acerquen a nosotros, que nos tengan confianza, daremos respuesta inmediata\u201d, inform\u00f3 el coordinador de la Unidad de Proximidad Policial, Julio C\u00e9sar Mendoza.<\/p>\n<p style=\"text-align: justify\">El representante del Comit\u00e9 de Desarrollo de la Colonia 20 de Noviembre, Jes\u00fas Abarca Santos agradeci\u00f3 a la gobernadora Evelyn Cecia Salgado Pineda y al secretario de <img loading=\"lazy\" decoding=\"async\" class=\"alignleft size-medium wp-image-1256125\" src=\"https:\/\/www.acapulcopress.com\/wp-content\/uploads\/2023\/08\/UNIDAD-POLICIAL-GRO3-375x250.jpg\" alt=\"\" width=\"375\" height=\"250\" \/>Seguridad P\u00fablica de Guerrero, Evelio M\u00e9ndez G\u00f3mez el apoyo brindado en materia de seguridad.<\/p>\n<p style=\"text-align: justify\">\u201cVan a ser bien vistos en la colonia estos rondines para prevenir el delito; le agradecemos en nombre de la colonia, en nombre de la presidenta de esta colonia este gesto que, seguramente lo vamos a aprovechar y vamos a fortalecer la seguridad y la prevenci\u00f3n del\u00a0delito\u201d,\u00a0dijo.<\/p>\n<p style=\"text-align: justify\"><em>] S\u00edguenos en Facebook.com\/<a href=\"https:\/\/www.facebook.com\/acapulcopress\" target=\"_blank\" rel=\"noopener\">acapulcopress<\/a><\/em><br \/>\n<em>] S\u00edguenos en Facebook.com\/<a href=\"https:\/\/www.facebook.com\/angelblanco.press\" target=\"_blank\" rel=\"noopener\">angelblanco.press<\/a><\/em><\/p>\n","protected":false},"excerpt":{"rendered":"<p>CHILPANCINGO * Agosto 15, 2023. ) Gobierno de Guerrero En seguimiento y atenci\u00f3n a las indicaciones de la Gobernadora Evelyn Salgado Pineda de atender la violencia desde la ra\u00edz, por instrucciones del secretario de Seguridad P\u00fablica Estatal, Evelio M\u00e9ndez G\u00f3mez, este martes qued\u00f3 integrada la Unidad de Proximidad Policial de la Polic\u00eda Estatal. El objetivo&#8230;<\/p>\n","protected":false},"author":2,"featured_media":1256136,"comment_status":"closed","ping_status":"closed","sticky":false,"template":"","format":"standard","meta":{"footnotes":""},"categories":[18561,2082],"tags":[8238,16266,17548],"class_list":["post-1256130","post","type-post","status-publish","format-standard","has-post-thumbnail","hentry","category-society-politics","category-seguridad-publica","tag-evelio-mendez-gomez","tag-secretaria-de-seguridad-publica-de-guerrero","tag-unidad-de-proximidad-policial"],"_links":{"self":[{"href":"https:\/\/www.acapulcopress.com\/index.php\/wp-json\/wp\/v2\/posts\/1256130","targetHints":{"allow":["GET"]}}],"collection":[{"href":"https:\/\/www.acapulcopress.com\/index.php\/wp-json\/wp\/v2\/posts"}],"about":[{"href":"https:\/\/www.acapulcopress.com\/index.php\/wp-json\/wp\/v2\/types\/post"}],"author":[{"embeddable":true,"href":"https:\/\/www.acapulcopress.com\/index.php\/wp-json\/wp\/v2\/users\/2"}],"replies":[{"embeddable":true,"href":"https:\/\/www.acapulcopress.com\/index.php\/wp-json\/wp\/v2\/comments?post=1256130"}],"version-history":[{"count":0,"href":"https:\/\/www.acapulcopress.com\/index.php\/wp-json\/wp\/v2\/posts\/1256130\/revisions"}],"wp:featuredmedia":[{"embeddable":true,"href":"https:\/\/www.acapulcopress.com\/index.php\/wp-json\/"}],"wp:attachment":[{"href":"https:\/\/www.acapulcopress.com\/index.php\/wp-json\/wp\/v2\/media?parent=1256130"}],"wp:term":[{"taxonomy":"category","embeddable":true,"href":"https:\/\/www.acapulcopress.com\/index.php\/wp-json\/wp\/v2\/categories?post=1256130"},{"taxonomy":"post_tag","embeddable":true,"href":"https:\/\/www.acapulcopress.com\/index.php\/wp-json\/wp\/v2\/tags?post=1256130"}],"curies":[{"name":"wp","href":"https:\/\/api.w.org\/{rel}","templated":true}]}}