{"id":1256160,"date":"2023-08-16T20:26:13","date_gmt":"2023-08-17T02:26:13","guid":{"rendered":"https:\/\/www.acapulcopress.com\/?p=1256160"},"modified":"2023-08-16T20:26:13","modified_gmt":"2023-08-17T02:26:13","slug":"gobernadora-reafirma-compromiso-contra-la-corrupcion-en-obra-publica-de-guerrero","status":"publish","type":"post","link":"https:\/\/www.acapulcopress.com\/index.php\/2023\/08\/16\/gobernadora-reafirma-compromiso-contra-la-corrupcion-en-obra-publica-de-guerrero\/","title":{"rendered":"Gobernadora reafirma compromiso contra la corrupci\u00f3n en obra p\u00fablica de Guerrero"},"content":{"rendered":"<p style=\"text-align: justify\">CHILPANCINGO * Agosto 16, 2023.<br \/>\n<em>) Gobierno de Guerrero\u00a0<\/em><br \/>\nAl firmar un convenio de colaboraci\u00f3n con la CMIC Guerrero, la gobernadora <a href=\"https:\/\/www.facebook.com\/EvelynSalgadoP\" target=\"_blank\" rel=\"noopener\">Evelyn <img loading=\"lazy\" decoding=\"async\" class=\"alignleft size-medium wp-image-1256166\" src=\"https:\/\/www.acapulcopress.com\/wp-content\/uploads\/2023\/08\/ESAP.OBRAS6_-375x250.jpg\" alt=\"\" width=\"375\" height=\"250\" \/>Salgado Pineda<\/a> recibi\u00f3 el respaldo de la c\u00e1mara de la industria de la construcci\u00f3n en Guerrero con quien reafirm\u00f3 su compromiso de cerrar el paso a las pr\u00e1cticas nocivas, los moches y la corrupci\u00f3n en la obra p\u00fablica estatal.<\/p>\n<p style=\"text-align: justify\">Ante los representantes del sector, la mandataria guerrerense Evelyn Salgado reafirm\u00f3 su compromiso que la obra p\u00fablica seguir\u00e1 siendo para las y los constructores de Guerrero, generando m\u00e1s empleos y un mayor movimiento econ\u00f3mico con el objetivo de que la derrama, producto de las inversiones, se queden en el estado.<\/p>\n<p style=\"text-align: justify\">En su mensaje, la gobernadora resalt\u00f3 la importancia de los procesos de planeaci\u00f3n y ordenamiento urbano en la obra p\u00fablica para evitar la construcci\u00f3n de \u00abelefantes blancos\u00bb y <img loading=\"lazy\" decoding=\"async\" class=\"alignleft size-medium wp-image-1256162\" src=\"https:\/\/www.acapulcopress.com\/wp-content\/uploads\/2023\/08\/ESAP.OBRAS2_-375x250.jpg\" alt=\"\" width=\"375\" height=\"250\" \/>obras sin sentido, cerrando el paso al negocio pol\u00edtico y las pr\u00e1cticas nocivas como el sobre costo, los moches y la corrupci\u00f3n.<\/p>\n<p style=\"text-align: justify\">Subray\u00f3 que Guerrero ha sido reconocido a nivel nacional porque ahora se tiene una planeaci\u00f3n en la obra p\u00fablica y un desarrollo urbano que depende de los procesos transparentes apegado a la norma, sin corrupci\u00f3n y sin influyentismos que se debe procurar en todas las etapas de construcci\u00f3n, desde su asignaci\u00f3n hasta su culminaci\u00f3n.<\/p>\n<p style=\"text-align: justify\">Adem\u00e1s, Evelyn Salgado puntualiz\u00f3 en el proceso integral de planeaci\u00f3n debe de existir un ordenamiento territorial, justificando la construcci\u00f3n de las obras en el estado, pues afirm\u00f3 que, \u00abno nada m\u00e1s porque a la gobernadora le gust\u00f3 una torre vamos a construir una torre, <img loading=\"lazy\" decoding=\"async\" class=\"alignleft size-medium wp-image-1256163\" src=\"https:\/\/www.acapulcopress.com\/wp-content\/uploads\/2023\/08\/ESAP.OBRAS3_-375x250.jpg\" alt=\"\" width=\"375\" height=\"250\" \/>no, debe ser justificada y debe tener utilidad p\u00fablica y (sentido) de pertenencia para las familias de Guerrero\u00bb.<\/p>\n<p style=\"text-align: justify\">En su mensaje reconoci\u00f3 a la industria de la construcci\u00f3n como palanca de desarrollo m\u00e1s importante de Guerrero que permite generar empleos, inversi\u00f3n y productividad, as\u00ed como mejorar las condiciones de conectividad y competitividad en el plano nacional.<\/p>\n<p style=\"text-align: justify\">\u00abTenemos que jalar parejo, ir unidos; me gusta el trabajo y dar resultados, nosotros sabemos qu\u00e9 hace falta y c\u00f3mo lo vamos a combatir, c\u00f3mo vamos a erradicar la pobreza, la corrupci\u00f3n, con trabajo, trabajo y m\u00e1s trabajo, arrancando de ra\u00edz a la madre de todos los males que siempre ha sido la corrupci\u00f3n\u00bb, apunt\u00f3 la gobernadora.<\/p>\n<p style=\"text-align: justify\">La mandataria estatal suscribi\u00f3 un convenio de colaboraci\u00f3n para el fomento y apoyo a la capacitaci\u00f3n de los trabajadores de la industria de la construcci\u00f3n con el Presidente del Comit\u00e9 Directivo de la CMIC Delegaci\u00f3n Guerrero, Carlos Francisco Sevilla Rodr\u00edguez.<\/p>\n<p style=\"text-align: justify\">Este acuerdo de buena voluntad permitir\u00e1 como autoridades acceder a la gran experiencia y a la capacidad profesional de la C\u00e1mara Mexicana de la Industria de la Construcci\u00f3n, mejorando los perfiles de quienes son los responsables del ordenamiento y de las obras p\u00fablicas con m\u00e1s profesionalismo y mejores capacidades t\u00e9cnicas<\/p>\n<p style=\"text-align: justify\">Este acuerdo, celebr\u00f3 la gobernadora, se suma a las acciones que la administraci\u00f3n estatal emprende para la modernizaci\u00f3n de todas las etapas del proceso de la obra p\u00fablica, desde las licitaciones, adjudicaciones, compras y seguimiento de la misma construcci\u00f3n.<\/p>\n<p style=\"text-align: justify\">Por su parte el presidente del Comit\u00e9 Directivo de la CMIC Guerrero, Carlos Francisco Sevilla Rodr\u00edguez, expres\u00f3 su reconocimiento y respaldo por parte de este gremio a la gobernadora Evelyn Salgado Pineda por el destacado empe\u00f1o de su administraci\u00f3n, su compromiso y esfuerzo diario Comprometido con abatir los \u00edndices de pobreza extrema y la desigualdad de oportunidades.<\/p>\n<p style=\"text-align: justify\">En el evento asistieron la secretaria de Desarrollo Urbano, Obras P\u00fablicas y Ordenamiento Territorial, Irene Jim\u00e9nez Montiel; el director de CICAEG, M\u00e1rtir Vega Gonz\u00e1lez y el director de IGIFE, Benjam\u00edn Guinto Nava; el secretario de Finanzas y Administraci\u00f3n, Raymundo Segura Estrada y la Secretaria del Bienestar, Maricarmen Cabrera Lagunas,\u00a0entre\u00a0otros.<\/p>\n<p style=\"text-align: justify\"><em>] S\u00edguenos en Facebook.com\/<a href=\"https:\/\/www.facebook.com\/acapulcopress\" target=\"_blank\" rel=\"noopener\">acapulcopress<\/a><\/em><br \/>\n<em>] S\u00edguenos en Facebook.com\/<a href=\"https:\/\/www.facebook.com\/angelblanco.press\" target=\"_blank\" rel=\"noopener\">angelblanco.press<\/a><\/em><br \/>\n<em>] S\u00edguenos en ) acapulcopress.com<\/em><\/p>\n","protected":false},"excerpt":{"rendered":"<p>CHILPANCINGO * Agosto 16, 2023. ) Gobierno de Guerrero\u00a0 Al firmar un convenio de colaboraci\u00f3n con la CMIC Guerrero, la gobernadora Evelyn Salgado Pineda recibi\u00f3 el respaldo de la c\u00e1mara de la industria de la construcci\u00f3n en Guerrero con quien reafirm\u00f3 su compromiso de cerrar el paso a las pr\u00e1cticas nocivas, los moches y la&#8230;<\/p>\n","protected":false},"author":2,"featured_media":1256167,"comment_status":"closed","ping_status":"closed","sticky":false,"template":"","format":"standard","meta":{"footnotes":""},"categories":[1983,18561],"tags":[8251,9302],"class_list":["post-1256160","post","type-post","status-publish","format-standard","has-post-thumbnail","hentry","category-guerrerogob","category-society-politics","tag-evelyn-salgado-pineda","tag-gobierno-de-guerrero"],"_links":{"self":[{"href":"https:\/\/www.acapulcopress.com\/index.php\/wp-json\/wp\/v2\/posts\/1256160","targetHints":{"allow":["GET"]}}],"collection":[{"href":"https:\/\/www.acapulcopress.com\/index.php\/wp-json\/wp\/v2\/posts"}],"about":[{"href":"https:\/\/www.acapulcopress.com\/index.php\/wp-json\/wp\/v2\/types\/post"}],"author":[{"embeddable":true,"href":"https:\/\/www.acapulcopress.com\/index.php\/wp-json\/wp\/v2\/users\/2"}],"replies":[{"embeddable":true,"href":"https:\/\/www.acapulcopress.com\/index.php\/wp-json\/wp\/v2\/comments?post=1256160"}],"version-history":[{"count":0,"href":"https:\/\/www.acapulcopress.com\/index.php\/wp-json\/wp\/v2\/posts\/1256160\/revisions"}],"wp:featuredmedia":[{"embeddable":true,"href":"https:\/\/www.acapulcopress.com\/index.php\/wp-json\/"}],"wp:attachment":[{"href":"https:\/\/www.acapulcopress.com\/index.php\/wp-json\/wp\/v2\/media?parent=1256160"}],"wp:term":[{"taxonomy":"category","embeddable":true,"href":"https:\/\/www.acapulcopress.com\/index.php\/wp-json\/wp\/v2\/categories?post=1256160"},{"taxonomy":"post_tag","embeddable":true,"href":"https:\/\/www.acapulcopress.com\/index.php\/wp-json\/wp\/v2\/tags?post=1256160"}],"curies":[{"name":"wp","href":"https:\/\/api.w.org\/{rel}","templated":true}]}}