{"id":1256169,"date":"2023-08-16T20:40:07","date_gmt":"2023-08-17T02:40:07","guid":{"rendered":"https:\/\/www.acapulcopress.com\/?p=1256169"},"modified":"2023-08-16T20:40:07","modified_gmt":"2023-08-17T02:40:07","slug":"anuncia-gobernadora-inversion-de-32-millones-en-infraestructura-para-normal-de-ayotzinapa","status":"publish","type":"post","link":"https:\/\/www.acapulcopress.com\/index.php\/2023\/08\/16\/anuncia-gobernadora-inversion-de-32-millones-en-infraestructura-para-normal-de-ayotzinapa\/","title":{"rendered":"Anuncia Gobernadora inversi\u00f3n de 32 millones en infraestructura para Normal de Ayotzinapa"},"content":{"rendered":"<p style=\"text-align: justify\">CHILPANCINGO * Agosto 16, 2023.<br \/>\n<em>) Gobierno de Guerrero<br \/>\n<\/em> Para seguir avanzando en el compromiso de lograr la excelencia educativa, alrededor de 30 <img loading=\"lazy\" decoding=\"async\" class=\"alignleft size-medium wp-image-1256170\" src=\"https:\/\/www.acapulcopress.com\/wp-content\/uploads\/2023\/08\/ADENiN-375x250.jpg\" alt=\"\" width=\"375\" height=\"250\" \/>millones de pesos fueron entregados a las normales p\u00fablicas del estado y centros de actualizaci\u00f3n del magisterio por la gobernadora <a href=\"https:\/\/www.facebook.com\/EvelynSalgadoP\" target=\"_blank\" rel=\"noopener\">Evelyn Salgado Pineda<\/a>, as\u00ed como recursos del fondo de aportaciones para mejorar la infraestructura educativa para nivel superior que suman de manera anual casi 300 millones de pesos de inversi\u00f3n federal en Guerrero.<\/p>\n<p style=\"text-align: justify\">Durante este evento en Casa Guerrero, la mandataria estatal tambi\u00e9n entreg\u00f3 equipos de internet gratuito de la CFE para dotar de este servicio a las nueve escuelas normales del estado y tres centros de actualizaci\u00f3n del magisterio en estado, bajo la modalidad de antena y por conectividad satelital, como parte de la pol\u00edtica de transformaci\u00f3n educativa en Guerrero.<\/p>\n<p style=\"text-align: justify\"><img loading=\"lazy\" decoding=\"async\" class=\"alignleft size-medium wp-image-1256171\" src=\"https:\/\/www.acapulcopress.com\/wp-content\/uploads\/2023\/08\/ADENiN2-375x250.jpg\" alt=\"\" width=\"375\" height=\"250\" \/>\u201cVamos avanzando cada d\u00eda mejor, el desarrollo se logra cuando caminamos juntos, cuando no dejamos a nadie atr\u00e1s, cuando no dejamos a nadie fuera. Mi llamado es a la unidad a que caminemos juntos. Hoy se nota trabajo en equipo, resultados y voluntad, amor con amor se paga, cuentan con el respaldo de la gobernadora y vamos a seguir trabajando de la mano siempre en beneficio de la educaci\u00f3n\u201d, expres\u00f3 Evelyn Salgado a representantes de las instituciones formadoras de nuevos docentes en Guerrero.<\/p>\n<p style=\"text-align: justify\">A trav\u00e9s del programa de Fortalecimiento a la Excelencia Educativa, este a\u00f1o las nueve escuelas normales y los tres centros de actualizaci\u00f3n del magisterio ampliar\u00e1n sus capacidades y horizontes con la inversi\u00f3n de m\u00e1s de 30 millones de pesos, una inversi\u00f3n <img loading=\"lazy\" decoding=\"async\" class=\"alignleft size-medium wp-image-1256161\" src=\"https:\/\/www.acapulcopress.com\/wp-content\/uploads\/2023\/08\/ESAP.OBRAS_-375x250.jpg\" alt=\"\" width=\"375\" height=\"250\" \/>que premia el desempe\u00f1o y la excelencia educativa de las instituciones con estos recursos extraordinarios.<\/p>\n<p style=\"text-align: justify\">Adem\u00e1s, a trav\u00e9s de CFE Internet Gratuito se logra dotar de acceso a este servicio a las 12 escuelas normales y CAM en Guerrero con conectividad por antena y v\u00eda sat\u00e9lite, fortaleciendo la Revoluci\u00f3n Educativa en Guerrero de la mano del presidente Andr\u00e9s Manuel L\u00f3pez Obrador.<\/p>\n<p style=\"text-align: justify\">Por su parte, el Secretario de Educaci\u00f3n Guerrero, Marcial Rodr\u00edguez Salda\u00f1a destac\u00f3 que adem\u00e1s de esta inversi\u00f3n millonaria dada a conocer por la gobernadora Evelyn Salgado de los programas EDINEN y FAM para las normales p\u00fablicas, se destin\u00f3 un recurso adicional para la Escuela Normal Rural de Ayotzinapa por 32 millones de pesos para la construcci\u00f3n <img loading=\"lazy\" decoding=\"async\" class=\"alignleft size-medium wp-image-1256171\" src=\"https:\/\/www.acapulcopress.com\/wp-content\/uploads\/2023\/08\/ADENiN2-375x250.jpg\" alt=\"\" width=\"375\" height=\"250\" \/>de otro edificio de dormitorios equipados, y por recursos estatales se apoya a estudiantes con uniformes deportivos, material did\u00e1cticos de oficina y equipos de c\u00f3mputo rebasando los 100 millones de pesos en estos dos a\u00f1os de gobierno.<\/p>\n<p style=\"text-align: justify\">Asistieron el secretario de Finanzas y Administraci\u00f3n Raymundo Segura Estrada; la presidenta honoraria del DIF Guerrero, Liz Salgado Pineda; el representante de la SEP, Carlos Ram\u00edrez S\u00e1mano, as\u00ed como estudiantes, docentes y magisterio de nivel superior\u00a0en\u00a0el\u00a0estado.<\/p>\n<p style=\"text-align: justify\"><em>] S\u00edguenos en Facebook.com\/<a href=\"https:\/\/www.facebook.com\/acapulcopress\" target=\"_blank\" rel=\"noopener\">acapulcopress<\/a><\/em><br \/>\n<em>] S\u00edguenos en Facebook.com\/<a href=\"https:\/\/www.facebook.com\/angelblanco.press\" target=\"_blank\" rel=\"noopener\">angelblanco.press<\/a><\/em><\/p>\n","protected":false},"excerpt":{"rendered":"<p>CHILPANCINGO * Agosto 16, 2023. ) Gobierno de Guerrero Para seguir avanzando en el compromiso de lograr la excelencia educativa, alrededor de 30 millones de pesos fueron entregados a las normales p\u00fablicas del estado y centros de actualizaci\u00f3n del magisterio por la gobernadora Evelyn Salgado Pineda, as\u00ed como recursos del fondo de aportaciones para mejorar&#8230;<\/p>\n","protected":false},"author":2,"featured_media":1256173,"comment_status":"closed","ping_status":"closed","sticky":false,"template":"","format":"standard","meta":{"footnotes":""},"categories":[2019],"tags":[8251],"class_list":["post-1256169","post","type-post","status-publish","format-standard","has-post-thumbnail","hentry","category-popular-news","tag-evelyn-salgado-pineda"],"_links":{"self":[{"href":"https:\/\/www.acapulcopress.com\/index.php\/wp-json\/wp\/v2\/posts\/1256169","targetHints":{"allow":["GET"]}}],"collection":[{"href":"https:\/\/www.acapulcopress.com\/index.php\/wp-json\/wp\/v2\/posts"}],"about":[{"href":"https:\/\/www.acapulcopress.com\/index.php\/wp-json\/wp\/v2\/types\/post"}],"author":[{"embeddable":true,"href":"https:\/\/www.acapulcopress.com\/index.php\/wp-json\/wp\/v2\/users\/2"}],"replies":[{"embeddable":true,"href":"https:\/\/www.acapulcopress.com\/index.php\/wp-json\/wp\/v2\/comments?post=1256169"}],"version-history":[{"count":0,"href":"https:\/\/www.acapulcopress.com\/index.php\/wp-json\/wp\/v2\/posts\/1256169\/revisions"}],"wp:featuredmedia":[{"embeddable":true,"href":"https:\/\/www.acapulcopress.com\/index.php\/wp-json\/"}],"wp:attachment":[{"href":"https:\/\/www.acapulcopress.com\/index.php\/wp-json\/wp\/v2\/media?parent=1256169"}],"wp:term":[{"taxonomy":"category","embeddable":true,"href":"https:\/\/www.acapulcopress.com\/index.php\/wp-json\/wp\/v2\/categories?post=1256169"},{"taxonomy":"post_tag","embeddable":true,"href":"https:\/\/www.acapulcopress.com\/index.php\/wp-json\/wp\/v2\/tags?post=1256169"}],"curies":[{"name":"wp","href":"https:\/\/api.w.org\/{rel}","templated":true}]}}