{"id":1256177,"date":"2023-08-16T20:54:41","date_gmt":"2023-08-17T02:54:41","guid":{"rendered":"https:\/\/www.acapulcopress.com\/?p=1256177"},"modified":"2023-08-16T20:54:41","modified_gmt":"2023-08-17T02:54:41","slug":"se-suman-congresogro-a-campana-de-prevencion-de-cancer-infantil","status":"publish","type":"post","link":"https:\/\/www.acapulcopress.com\/index.php\/2023\/08\/16\/se-suman-congresogro-a-campana-de-prevencion-de-cancer-infantil\/","title":{"rendered":"Se suman #CongresoGro a campa\u00f1a de prevenci\u00f3n de c\u00e1ncer infantil"},"content":{"rendered":"<p style=\"text-align: justify\">CHILPANCINGO * Agosto 16, 2023.<br \/>\n<em>) Congreso de Guerrero<\/em><\/p>\n<p style=\"text-align: justify\">El Congreso del Estado anunci\u00f3 este mi\u00e9rcoles su participaci\u00f3n en la campa\u00f1a de difusi\u00f3n <img loading=\"lazy\" decoding=\"async\" class=\"alignleft size-medium wp-image-1256179\" src=\"https:\/\/www.acapulcopress.com\/wp-content\/uploads\/2023\/08\/CONFERENCIA-AMANC2-375x250.jpg\" alt=\"\" width=\"375\" height=\"250\" \/>\u00abPasa la voz. Actuar es prevenir\u00bb, relacionada a la lucha contra el c\u00e1ncer infantil.<\/p>\n<p style=\"text-align: justify\">En conferencia de prensa, diputadas integrantes de la Comisi\u00f3n de los Derechos de las Ni\u00f1as, Ni\u00f1os y Adolescentes del Congreso del Estado, acompa\u00f1adas de la presidenta de la Junta de Coordinaci\u00f3n Pol\u00edtica, diputada Yoloczin Dom\u00ednguez Serna, ofrecieron una conferencia de prensa para dar a conocer las actividades que realizar\u00e1n en conjunto con la Asociaci\u00f3n Mexicana de Ayuda a Ni\u00f1os con C\u00e1ncer (AMANC Guerrero), con la finalidad de generar v\u00ednculos con la sociedad civil en favor de la salud de las ni\u00f1as y ni\u00f1os de Guerrero.<\/p>\n<p style=\"text-align: justify\">Al dar un mensaje, la diputada Dom\u00ednguez Serna reconoci\u00f3 el trabajo que despliegan sus <img loading=\"lazy\" decoding=\"async\" class=\"alignleft size-medium wp-image-1256180\" src=\"https:\/\/www.acapulcopress.com\/wp-content\/uploads\/2023\/08\/CONFERENCIA-AMANC3-375x250.jpg\" alt=\"\" width=\"375\" height=\"250\" \/>hom\u00f3logas integrantes de la comisi\u00f3n legislativa en materia de ni\u00f1ez y adolescencia, tanto en campa\u00f1as y eventos alusivos, como en la adecuaci\u00f3n y reforzamiento del marco jur\u00eddico en favor de estos sectores vulnerables.<\/p>\n<p style=\"text-align: justify\">Sostuvo que la LXIII Legislatura estar\u00e1 siempre en la mejor disposici\u00f3n de apoyar la causa que encabeza AMANC Guerrero, explorando mecanismos de coadyuvancia para fomentar la detecci\u00f3n temprana de este mal en ni\u00f1as y ni\u00f1os, que permita salvar sus vidas.<\/p>\n<p style=\"text-align: justify\">En su oportunidad, la presidenta de la citada comisi\u00f3n, diputada Beatriz Mojica Morga, inform\u00f3 que una actividad pr\u00f3xima a desarrollar es el encendido en color dorado del recinto legislativo, el pr\u00f3ximo 04 de septiembre, en el marco del Mes de la Concientizaci\u00f3n del C\u00e1ncer Infantil.<\/p>\n<p style=\"text-align: justify\">Tras la conferencia, se dio una presentaci\u00f3n del trabajo que AMANC desempe\u00f1a en el estado, a cargo de la presidenta del patronato, Lizbeth Lacunza Calder\u00f3n, apoyada por Bianca Navarrete Radilla, directora general, la nutri\u00f3loga Montserrat L\u00f3pez Lemus y el psic\u00f3logo Alexis Pe\u00f1a Pino, donde detallaron el apoyo integral gratuito que dan a ni\u00f1os de bajos recursos, como son hospedaje, alimentaci\u00f3n, ayuda psicol\u00f3gica, medicamentos, transporte, actividades recreativas, entre otros.<\/p>\n<p style=\"text-align: justify\"><em>] S\u00edguenos en Facebook.com\/<a href=\"https:\/\/www.facebook.com\/acapulcopress\" target=\"_blank\" rel=\"noopener\">acapulcopress<\/a><\/em><br \/>\n<em>] S\u00edguenos en Facebook.com\/<a href=\"https:\/\/www.facebook.com\/angelblanco.press\" target=\"_blank\" rel=\"noopener\">angelblanco.press<\/a><\/em><\/p>\n","protected":false},"excerpt":{"rendered":"<p>CHILPANCINGO * Agosto 16, 2023. ) Congreso de Guerrero El Congreso del Estado anunci\u00f3 este mi\u00e9rcoles su participaci\u00f3n en la campa\u00f1a de difusi\u00f3n \u00abPasa la voz. Actuar es prevenir\u00bb, relacionada a la lucha contra el c\u00e1ncer infantil. En conferencia de prensa, diputadas integrantes de la Comisi\u00f3n de los Derechos de las Ni\u00f1as, Ni\u00f1os y Adolescentes&#8230;<\/p>\n","protected":false},"author":2,"featured_media":1256178,"comment_status":"closed","ping_status":"closed","sticky":false,"template":"","format":"standard","meta":{"footnotes":""},"categories":[1972,61,18561],"tags":[4302],"class_list":["post-1256177","post","type-post","status-publish","format-standard","has-post-thumbnail","hentry","category-special","category-legislacion","category-society-politics","tag-asociacion-mexicana-de-ayuda-a-ninos-con-cancer-amanc-guerrero"],"_links":{"self":[{"href":"https:\/\/www.acapulcopress.com\/index.php\/wp-json\/wp\/v2\/posts\/1256177","targetHints":{"allow":["GET"]}}],"collection":[{"href":"https:\/\/www.acapulcopress.com\/index.php\/wp-json\/wp\/v2\/posts"}],"about":[{"href":"https:\/\/www.acapulcopress.com\/index.php\/wp-json\/wp\/v2\/types\/post"}],"author":[{"embeddable":true,"href":"https:\/\/www.acapulcopress.com\/index.php\/wp-json\/wp\/v2\/users\/2"}],"replies":[{"embeddable":true,"href":"https:\/\/www.acapulcopress.com\/index.php\/wp-json\/wp\/v2\/comments?post=1256177"}],"version-history":[{"count":0,"href":"https:\/\/www.acapulcopress.com\/index.php\/wp-json\/wp\/v2\/posts\/1256177\/revisions"}],"wp:featuredmedia":[{"embeddable":true,"href":"https:\/\/www.acapulcopress.com\/index.php\/wp-json\/"}],"wp:attachment":[{"href":"https:\/\/www.acapulcopress.com\/index.php\/wp-json\/wp\/v2\/media?parent=1256177"}],"wp:term":[{"taxonomy":"category","embeddable":true,"href":"https:\/\/www.acapulcopress.com\/index.php\/wp-json\/wp\/v2\/categories?post=1256177"},{"taxonomy":"post_tag","embeddable":true,"href":"https:\/\/www.acapulcopress.com\/index.php\/wp-json\/wp\/v2\/tags?post=1256177"}],"curies":[{"name":"wp","href":"https:\/\/api.w.org\/{rel}","templated":true}]}}