{"id":1256187,"date":"2023-08-16T21:46:48","date_gmt":"2023-08-17T03:46:48","guid":{"rendered":"https:\/\/www.acapulcopress.com\/?p=1256187"},"modified":"2023-08-16T21:46:48","modified_gmt":"2023-08-17T03:46:48","slug":"quien-es-juan-trump","status":"publish","type":"post","link":"https:\/\/www.acapulcopress.com\/index.php\/2023\/08\/16\/quien-es-juan-trump\/","title":{"rendered":"\u00bfQui\u00e9n es &#8216;Juan Trump&#8217;?"},"content":{"rendered":"<p style=\"text-align: justify\">CIUDAD DE M\u00c9XICO * Agosto 16, 2023.<br \/>\n<em>) <a href=\"https:\/\/www.proceso.com.mx\/nacional\/politica\/2023\/8\/16\/donald-trump-se-referia-lopez-obrador-con-el-apodo-de-juan-trump-312926.html\" target=\"_blank\" rel=\"noopener\">Apro<\/a><\/em><br \/>\nEl expresidente de Estados Unidos, <a href=\"https:\/\/www.facebook.com\/DonaldTrump\" target=\"_blank\" rel=\"noopener\"><span class=\"xv78j7m\">Donald J. Trump<\/span><\/a>, se refer\u00eda a <a href=\"https:\/\/www.facebook.com\/lopezobrador.org.mx\" target=\"_blank\" rel=\"noopener\"><span class=\"xv78j7m\">Andr\u00e9s Manuel L\u00f3pez Obrador<\/span> <\/a>con el apodo de \u201cJuan Trump\u201d.<\/p>\n<p style=\"text-align: justify\">As\u00ed lo revel\u00f3 el exsecretario de Econom\u00eda, <a href=\"https:\/\/www.facebook.com\/ildefonsogv\" target=\"_blank\" rel=\"noopener\"><span class=\"xv78j7m\">Ildefonso Guajardo Villarreal<\/span><\/a>, en una conferencia que dict\u00f3 en el Wilson Center en Nueva York.<\/p>\n<p style=\"text-align: justify\">Guajardo habl\u00f3 este mi\u00e9rcoles en el Auditorio Flom del piso 6 del Wilson Center invitado por The Mexico Institute, para discutir el proceso que utilizar\u00e1 la coalici\u00f3n opositora para seleccionar a su candidato presidencial de 2024 y los planes de gobierno de la alianza en caso de ganar.<\/p>\n<p style=\"text-align: justify\">En su intervenci\u00f3n, Guajardo record\u00f3 cuando viajaba a la capital estadunidense en el gobierno de Donald Trump para las negociaciones del acuerdo de libre comercio junto con el entonces secretario de Relaciones Exteriores, Luis Videgaray.<\/p>\n<p style=\"text-align: justify\">\u201cEl presidente Trump nos recib\u00eda en su oficina a Luis Videgaray y a m\u00ed. \u00bfY saben c\u00f3mo se refer\u00eda al actual presidente Andr\u00e9s? Nos preguntaba \u2018\u00bfC\u00f3mo est\u00e1 Juan Trump?\u2019\u201d, relat\u00f3 Guajardo.<\/p>\n<p style=\"text-align: justify\">Seg\u00fan el pol\u00edtico regiomontano, Trump se ve\u00eda en el tabasque\u00f1o a s\u00ed mismo \u201ccomo si fuera un espejo\u201d, aun cuando eran de ideolog\u00edas diferentes.<\/p>\n<p style=\"text-align: justify\">\u201cAmbos tratan de evitar la realidad, uno dice que son fake news, otro dice \u2018yo tengo otros datos\u2019, a ambos les desagrada la prensa libre<\/p>\n<p style=\"text-align: justify\">\u201cAmbos tienen una estrategia pol\u00edtica de polarizaci\u00f3n, ambos piden absoluta lealtad a su equipo y si alguien se atreve a cuestionar los ignoran o son despedidos. Es sorprendente que uno aparentemente viene de la izquierda y el otro supuestamente viene de la extrema derecha, pero son muy parecidos\u201d, afirm\u00f3 Guajardo.<\/p>\n<p><iframe loading=\"lazy\" title=\"Conversation with Mexico&#039;s Former Secretary of Economy and Current Federal Deputy Ildefonso Guajardo\" width=\"1160\" height=\"653\" src=\"https:\/\/www.youtube.com\/embed\/JyCeTHbMYB4?feature=oembed\" frameborder=\"0\" allow=\"accelerometer; autoplay; clipboard-write; encrypted-media; gyroscope; picture-in-picture; web-share\" referrerpolicy=\"strict-origin-when-cross-origin\" allowfullscreen><\/iframe><\/p>\n<p style=\"text-align: justify\">] S\u00edguenos en <a class=\"x1fey0fg xmper1u x1edh9d7\" href=\"Facebook.com\/acapulcopress\" target=\"_blank\" rel=\"noopener\">Facebook.com\/acapulcopress<\/a><br \/>\n] S\u00edguenos en <a class=\"x1fey0fg xmper1u x1edh9d7\" href=\"Facebook.com\/angelblanco.press\" target=\"_blank\" rel=\"noopener\">Facebook.com\/angelblanco.press<\/a><\/p>\n","protected":false},"excerpt":{"rendered":"<p>CIUDAD DE M\u00c9XICO * Agosto 16, 2023. ) Apro El expresidente de Estados Unidos, Donald J. Trump, se refer\u00eda a Andr\u00e9s Manuel L\u00f3pez Obrador con el apodo de \u201cJuan Trump\u201d. As\u00ed lo revel\u00f3 el exsecretario de Econom\u00eda, Ildefonso Guajardo Villarreal, en una conferencia que dict\u00f3 en el Wilson Center en Nueva York. Guajardo habl\u00f3 este&#8230;<\/p>\n","protected":false},"author":2,"featured_media":1256188,"comment_status":"closed","ping_status":"closed","sticky":false,"template":"","format":"standard","meta":{"footnotes":""},"categories":[1969,1972,2020],"tags":[3896,7446,10057,11234],"class_list":["post-1256187","post","type-post","status-publish","format-standard","has-post-thumbnail","hentry","category-trending","category-special","category-world-news","tag-andres-manuel-lopez-obrador","tag-donald-j-trump","tag-ildefonso-guajardo-villarreal","tag-juan-trump"],"_links":{"self":[{"href":"https:\/\/www.acapulcopress.com\/index.php\/wp-json\/wp\/v2\/posts\/1256187","targetHints":{"allow":["GET"]}}],"collection":[{"href":"https:\/\/www.acapulcopress.com\/index.php\/wp-json\/wp\/v2\/posts"}],"about":[{"href":"https:\/\/www.acapulcopress.com\/index.php\/wp-json\/wp\/v2\/types\/post"}],"author":[{"embeddable":true,"href":"https:\/\/www.acapulcopress.com\/index.php\/wp-json\/wp\/v2\/users\/2"}],"replies":[{"embeddable":true,"href":"https:\/\/www.acapulcopress.com\/index.php\/wp-json\/wp\/v2\/comments?post=1256187"}],"version-history":[{"count":0,"href":"https:\/\/www.acapulcopress.com\/index.php\/wp-json\/wp\/v2\/posts\/1256187\/revisions"}],"wp:featuredmedia":[{"embeddable":true,"href":"https:\/\/www.acapulcopress.com\/index.php\/wp-json\/"}],"wp:attachment":[{"href":"https:\/\/www.acapulcopress.com\/index.php\/wp-json\/wp\/v2\/media?parent=1256187"}],"wp:term":[{"taxonomy":"category","embeddable":true,"href":"https:\/\/www.acapulcopress.com\/index.php\/wp-json\/wp\/v2\/categories?post=1256187"},{"taxonomy":"post_tag","embeddable":true,"href":"https:\/\/www.acapulcopress.com\/index.php\/wp-json\/wp\/v2\/tags?post=1256187"}],"curies":[{"name":"wp","href":"https:\/\/api.w.org\/{rel}","templated":true}]}}