{"id":1256191,"date":"2023-08-16T22:02:03","date_gmt":"2023-08-17T04:02:03","guid":{"rendered":"https:\/\/www.acapulcopress.com\/?p=1256191"},"modified":"2023-08-16T22:02:03","modified_gmt":"2023-08-17T04:02:03","slug":"amlo-achaca-a-crisis-mundial-repunte-de-migrantes","status":"publish","type":"post","link":"https:\/\/www.acapulcopress.com\/index.php\/2023\/08\/16\/amlo-achaca-a-crisis-mundial-repunte-de-migrantes\/","title":{"rendered":"AMLO achaca a crisis mundial repunte de migrantes"},"content":{"rendered":"<p style=\"text-align: justify\">CIUDAD DE M\u00c9XICO * Agosto 16, 2023.<br \/>\n<em>) <a href=\"https:\/\/www.proceso.com.mx\/nacional\/2023\/8\/16\/el-repunte-en-el-numero-de-migrantes-es-porque-hay-una-crisis-mundial-amlo-312901.html\" target=\"_blank\" rel=\"noopener\">Apro<\/a><\/em><\/p>\n<p style=\"text-align: justify\">El presidente <a href=\"https:\/\/www.facebook.com\/EvelynSalgadoP\" target=\"_blank\" rel=\"noopener\">Andr\u00e9s Manuel L\u00f3pez Obrador<\/a> admiti\u00f3 que luego de la disminuci\u00f3n en la cantidad de personas migrantes hacia Estados Unidos, ahora observan un repunte porque hay una crisis mundial que lleva a los gobiernos de pa\u00edses de origen a no tener presupuesto suficiente para atender las necesidades de sus poblaciones.<\/p>\n<p style=\"text-align: justify\">\u201cHay una crisis mundial, no est\u00e1n atendiendo los gobiernos las necesidades de trabajo, de bienestar de los pueblos y no es que no quieran hacerlo, es que no tienen posibilidad, no tienen presupuesto\u201d, afirm\u00f3.<\/p>\n<p style=\"text-align: justify\">El ideal, dijo, tiene que ser el que la migraci\u00f3n sea opcional y no forzosa, para lo cual es necesaria la solidaridad internacional. \u201cEse es mi reclamo a la ONU, ellos deber\u00edan de estar promoviendo un plan en ese sentido, en esa direcci\u00f3n; no hacen nada, est\u00e1n como florero, de adorno. Atender las causas\u201d.<\/p>\n<p style=\"text-align: justify\">Ante este repunte, el presidente analizar\u00e1 el fen\u00f3meno en las reuniones que sostiene con los gobernadores de Chiapas, Tabasco, Veracruz, Campeche y Oaxaca y su gabinete, porque otra de las razones de este repunte, luego de \u201cuna disminuci\u00f3n considerable\u201d, es que se podr\u00eda \u201cmejorar todo lo que tiene que ver con los albergues\u201d.<\/p>\n<p style=\"text-align: justify\">Tambi\u00e9n dijo que ayudar\u00e1n a que se aumente la difusi\u00f3n de los tr\u00e1mites que pueden iniciar, desde sus pa\u00edses, las personas migrantes que quieren llegar a Estados Unidos, \u201cporque tambi\u00e9n falta informaci\u00f3n, que es una de las cosas que le escribo al presidente Biden\u201d, en la carta que le env\u00edo v\u00eda la secretaria de Relaciones Exteriores, Alicia B\u00e1rcena.<\/p>\n<p style=\"text-align: justify\">El jefe del Ejecutivo mexicano consider\u00f3 que en M\u00e9xico ya se ven los resultados de atender las causas y darle \u201cpreferencia a los pobres, por humanismo, pero tambi\u00e9n para atemperar el fen\u00f3meno migratorio y para reducir la violencia. Todo lo que se haga para que haya trabajo, que se consigan mejores salarios, m\u00e1s ingresos, que signifique bienestar para el pueblo, que signifique atender a los j\u00f3venes, todo eso ayuda mucho para serenar al pa\u00eds, a los pa\u00edses\u201d.<\/p>\n<p style=\"text-align: justify\">Expuso que no es viable que se quiera resolver el problema migratorio s\u00f3lo con medidas coercitivas, con violencia, con decisiones en el \u00e1mbito b\u00e9lico, militarizando fronteras, con muros. \u201cEso es arcaico, inhumano, eso s\u00f3lo para mentes autoritarias y para quienes hacen negocio con la industria armamentista; pero eso no produce paz ni justicia ni tranquilidad\u201d.<\/p>\n<p style=\"text-align: justify\">El presidente L\u00f3pez Obrador reiter\u00f3 que es una de las razones por las que analiza con el gobierno de Estados Unidos la posibilidad de implementar un programa para el desarrollo de todos los pueblos de Am\u00e9rica.<\/p>\n<p style=\"text-align: justify\">\u201cSe necesita un programa para impulsar el desarrollo de los pueblos, que la banca internacional, sobre todo los bancos para el desarrollo de Am\u00e9rica Latina, del Caribe, lleven a cabo un plan de financiamiento para ayudar a los pa\u00edses pobres, necesitados; si no, no vamos a poder detener el flujo migratorio\u201d, se\u00f1al\u00f3.<\/p>\n<p style=\"text-align: justify\">El mandatario federal consider\u00f3 que las personas que salen de sus lugares de origen no lo hacen por gusto, sino por necesidad. \u201cSi la gente tiene trabajo en su lugar de origen, no sale, porque \u00bfqui\u00e9n quiere dejar a sus familiares, sus pueblos, sus culturas, sus costumbres?\u201d.<\/p>\n<p style=\"text-align: justify\">] S\u00edguenos en Facebook.com\/acapulcopress<br \/>\n] S\u00edguenos en Facebook.com\/angelblanco.press<br \/>\n] S\u00edguenos en ) acapulcopress.com<\/p>\n<p style=\"text-align: justify\">https:\/\/www.facebook.com\/acapulcopress<br \/>\nhttps:\/\/www.facebook.com\/angelblanco.press<\/p>\n","protected":false},"excerpt":{"rendered":"<p>CIUDAD DE M\u00c9XICO * Agosto 16, 2023. ) Apro El presidente Andr\u00e9s Manuel L\u00f3pez Obrador admiti\u00f3 que luego de la disminuci\u00f3n en la cantidad de personas migrantes hacia Estados Unidos, ahora observan un repunte porque hay una crisis mundial que lleva a los gobiernos de pa\u00edses de origen a no tener presupuesto suficiente para atender&#8230;<\/p>\n","protected":false},"author":2,"featured_media":1256192,"comment_status":"closed","ping_status":"closed","sticky":false,"template":"","format":"standard","meta":{"footnotes":""},"categories":[1997],"tags":[3896,13079],"class_list":["post-1256191","post","type-post","status-publish","format-standard","has-post-thumbnail","hentry","category-noticias-destacadas","tag-andres-manuel-lopez-obrador","tag-migracion-2"],"_links":{"self":[{"href":"https:\/\/www.acapulcopress.com\/index.php\/wp-json\/wp\/v2\/posts\/1256191","targetHints":{"allow":["GET"]}}],"collection":[{"href":"https:\/\/www.acapulcopress.com\/index.php\/wp-json\/wp\/v2\/posts"}],"about":[{"href":"https:\/\/www.acapulcopress.com\/index.php\/wp-json\/wp\/v2\/types\/post"}],"author":[{"embeddable":true,"href":"https:\/\/www.acapulcopress.com\/index.php\/wp-json\/wp\/v2\/users\/2"}],"replies":[{"embeddable":true,"href":"https:\/\/www.acapulcopress.com\/index.php\/wp-json\/wp\/v2\/comments?post=1256191"}],"version-history":[{"count":0,"href":"https:\/\/www.acapulcopress.com\/index.php\/wp-json\/wp\/v2\/posts\/1256191\/revisions"}],"wp:featuredmedia":[{"embeddable":true,"href":"https:\/\/www.acapulcopress.com\/index.php\/wp-json\/"}],"wp:attachment":[{"href":"https:\/\/www.acapulcopress.com\/index.php\/wp-json\/wp\/v2\/media?parent=1256191"}],"wp:term":[{"taxonomy":"category","embeddable":true,"href":"https:\/\/www.acapulcopress.com\/index.php\/wp-json\/wp\/v2\/categories?post=1256191"},{"taxonomy":"post_tag","embeddable":true,"href":"https:\/\/www.acapulcopress.com\/index.php\/wp-json\/wp\/v2\/tags?post=1256191"}],"curies":[{"name":"wp","href":"https:\/\/api.w.org\/{rel}","templated":true}]}}