{"id":1256194,"date":"2023-08-16T22:29:32","date_gmt":"2023-08-17T04:29:32","guid":{"rendered":"https:\/\/www.acapulcopress.com\/?p=1256194"},"modified":"2023-08-16T22:29:32","modified_gmt":"2023-08-17T04:29:32","slug":"estatua-a-aurora-mesa-encono-a-su-memoria-o-a-que-sea-iniciativa-de-norma-otilia","status":"publish","type":"post","link":"https:\/\/www.acapulcopress.com\/index.php\/2023\/08\/16\/estatua-a-aurora-mesa-encono-a-su-memoria-o-a-que-sea-iniciativa-de-norma-otilia\/","title":{"rendered":"Estatua a Aurora Mesa | \u00bfEncono a su memoria o a que sea iniciativa de Norma Otilia?"},"content":{"rendered":"<p style=\"text-align: justify\">Ep\u00edstolas Surianas<br \/>\n\u00bb <strong>JULIO<\/strong> | <strong>AYALA CARLOS<\/strong><br \/>\n<em>aayala.30jc@gmail.com<\/em><br \/>\n) Facebook \/ <a href=\"https:\/\/www.facebook.com\/julio.ayalacarlos\" target=\"_blank\" rel=\"noopener\">Julio Ayala Carlos<\/a><\/p>\n<p style=\"text-align: justify\">ME PREGUNTO \u00bfCU\u00c1L ES EL MOTIVO DEL ENOJO?<\/p>\n<p style=\"text-align: justify\">\u00bfEl que se vaya a instalar una estatua para honrar la memoria y el legado de la primera presidente municipal de M\u00e9xico y de Chilpancingo, y de toda Am\u00e9rica Latina, en la plaza Primer Congreso de An\u00e1huac, donde existen otras en honor de diversos h\u00e9roes de nuestro estado, o que sea una iniciativa de la alcaldesa <a href=\"https:\/\/www.facebook.com\/NormaOtiliaHernandez\" target=\"_blank\" rel=\"noopener\">Norma Otilia Hern\u00e1ndez Mart\u00ednez<\/a>? \u00bfCu\u00e1l es pues el pleito, el enojo, de quienes se escandalizan y ponen el grito en el cielo?<\/p>\n<p style=\"text-align: justify\">\u00bfEs porque la estatua es de una mujer? \u00bfO es que s\u00f3lo deben existir, all\u00ed, \u00fanicamente estatuas de figuras masculinas? \u00bfAcaso porque la propuesta es de otra mujer, Norma Otilia Hern\u00e1ndez Mart\u00ednez? \u00bfSer\u00e1 que s\u00f3lo gobernantes hombres pueden hacerlo? \u00bfO es que en verdad hay qui\u00e9n se traga el cuento de que las cr\u00edticas son porque \u201cafean\u201d la plaza c\u00edvica?<\/p>\n<p style=\"text-align: justify\">Hay que decirlo. Puede a muchos no gustarnos c\u00f3mo gobierna la alcaldesa, el municipio de Chilpancingo. Podemos no estar de acuerdo como lo hace, incluso de como habla y se conduce la edil. Y tambi\u00e9n podemos tenerle fobia al partido al que pertenece, pero criticarla, y ponerse en su contra por pretender honrar la figura de otra mujer, ejemplo de tenacidad y constancia, en estos tiempos donde se les visibiliza y reconoce, no son actos m\u00e1s que de mezquindad el que se le satanice.<\/p>\n<p style=\"text-align: justify\">Por supuesto, hay que criticar lo que est\u00e1 mal hecho, pero creo, como muchos otros, que las cosas buenas hay que reconocerlas, y en este sentido, considero como un buen acierto la colocaci\u00f3n de la estatura de do\u00f1a Aurora Meza Andraca en la plaza Primer Congreso de An\u00e1huac, como un ejemplo a seguir, de constancia y perseverancia, no solo para las mujeres, sino para todo aquel guerrerense bien nacido, de que cuando se quiere se puede, en vez de descalificar y de ponerle piedras a qui\u00e9n o qui\u00e9nes dejan huella.<\/p>\n<p style=\"text-align: justify\">Hay que decir, por cierto, que la colocaci\u00f3n de la estatua de do\u00f1a Aurora Mesa Andraca en la plaza Primer Congreso de An\u00e1huac, junto al Palacio de la Cultura, que en otros tiempos alberg\u00f3 el Ayuntamiento Municipal de Chilpancingo, es un acuerdo del Cabildo capitalino aprobado en sesi\u00f3n el 27 de junio del 2022, precisamente para honrar su legado, reconocer y reivindicar su figura como primera presidente municipal de nuestro pa\u00eds y de toda Am\u00e9rica Latina, nada m\u00e1s y nada menos que como alcaldesa de lo que tambi\u00e9n es la primera capital de la Am\u00e9rica Septentrional: Chilpancingo.<\/p>\n<p style=\"text-align: justify\">Insisto. \u00bfA qui\u00e9n le causa escozor el que la estatua de Aurora Mesa Andraca sea instalada en la plaza c\u00edvica? \u00bfA los mis\u00f3ginos? \u00bfA los que est\u00e1n en contra de la alcaldesa capitalina, haga lo que haga? \u00bfLes molesta el que Mesa Andraca sea sin\u00f3nimo de rebeld\u00eda y decisi\u00f3n, pero una rebeli\u00f3n con sentido de cambio y de lograr la igualdad, y de decisi\u00f3n para demostrar la capacidad de trabajar de igual en beneficio de un lugar, de Chilpancingo, como bien dice la alcaldesa capitalina?<\/p>\n<p style=\"text-align: justify\">Por cierto, \u00bfsabr\u00e1 ese grupillo de regidores qui\u00e9n fue Mesa Andraca? \u00bfSabr\u00e1n que fue una destacada trabajadora social de la Secretar\u00eda de Salud, y durante el tiempo que fue presidente municipal de Chilpancingo, logr\u00f3 importantes avances para la \u00e9poca, como el empedrado de calles, la construcci\u00f3n de puentes, la reforestaci\u00f3n de jardines y plazas, la fundaci\u00f3n de la delegaci\u00f3n de la Cruz Roja, y la reinstalaci\u00f3n del hospital civil, as\u00ed como la instalaci\u00f3n de la primera planta de luz, y la creaci\u00f3n de la primera guarder\u00eda infantil en la capital del estado? \u00a1Lo dudo!<\/p>\n<p style=\"text-align: justify\">Sin embargo, all\u00ed tambi\u00e9n est\u00e1n, como si esos regidores, que lo \u00fanico que hacen es cobrar puntualmente su salario, exigiendo m\u00e1s, hicieran algo. All\u00ed est\u00e1n, haciendo nada, nada, y nada.<\/p>\n<p style=\"text-align: justify\">En fin, como bien dicen, son mis\u00f3ginos. O como dir\u00eda aquel presidente: nada les embona. Son pues, contreras. Nada les gusta. \u00bfPor qu\u00e9? Pues porque s\u00ed\u2026 \u00bfY qu\u00e9 les molesta? Pues eso, que Norma Otilia gobierne. Que sea la presidente municipal de Chilpancingo. \u00bfPorque es mujer? Porque preferir\u00edan que gobernara uno de ellos.<\/p>\n<p style=\"text-align: justify\">Y es que, c\u00f3mo extra\u00f1an, en sus adentros, a Antonio Gaspar Beltr\u00e1n. \u00a1C\u00f3mo lo extra\u00f1a la regidora! Aunque el palacio municipal estuviera siempre tomado por los trabajadores. Aunque el gobierno municipal fuera un desastre y lo dejara en bancarrota, aunque eso s\u00ed, hablaba muy bonito de Dios y a todos les dec\u00eda \u201chermanos\u201d. Otros parecen a\u00f1orar el gobierno de Marco Antonio Leyva Mena, con todo y la basura por la ciudad, incluyendo la plaza central, convertida en un muladar, la misma que dicen les preocupa, aunque entonces nada dec\u00edan.<\/p>\n<p style=\"text-align: justify\">En fin. Cualquier cosa, parecen decir, menos que gobierne Norma Otilia\u2026 \u00bfPor qu\u00e9? \u00a1Porque s\u00ed!<\/p>\n<p style=\"text-align: justify\"><em>] S\u00edguenos en Facebook.com\/<a href=\"https:\/\/www.facebook.com\/acapulcopress\" target=\"_blank\" rel=\"noopener\">acapulcopress<\/a><\/em><br \/>\n<em>] S\u00edguenos en Facebook.com\/<a href=\"https:\/\/www.facebook.com\/angelblanco.press\" target=\"_blank\" rel=\"noopener\">angelblanco.press<\/a><\/em><\/p>\n","protected":false},"excerpt":{"rendered":"<p>Ep\u00edstolas Surianas \u00bb JULIO | AYALA CARLOS aayala.30jc@gmail.com ) Facebook \/ Julio Ayala Carlos ME PREGUNTO \u00bfCU\u00c1L ES EL MOTIVO DEL ENOJO? \u00bfEl que se vaya a instalar una estatua para honrar la memoria y el legado de la primera presidente municipal de M\u00e9xico y de Chilpancingo, y de toda Am\u00e9rica Latina, en la plaza&#8230;<\/p>\n","protected":false},"author":2,"featured_media":1256195,"comment_status":"closed","ping_status":"closed","sticky":false,"template":"","format":"standard","meta":{"footnotes":""},"categories":[2071,1991],"tags":[4422,8008,11319,13744],"class_list":["post-1256194","post","type-post","status-publish","format-standard","has-post-thumbnail","hentry","category-opinion-analisis-columnas","category-libertad-de-expresion","tag-aurora-mesa-andraca","tag-epistolas-surianas","tag-julio-ayala-carlos","tag-norma-otilia-hernandez-martinez"],"_links":{"self":[{"href":"https:\/\/www.acapulcopress.com\/index.php\/wp-json\/wp\/v2\/posts\/1256194","targetHints":{"allow":["GET"]}}],"collection":[{"href":"https:\/\/www.acapulcopress.com\/index.php\/wp-json\/wp\/v2\/posts"}],"about":[{"href":"https:\/\/www.acapulcopress.com\/index.php\/wp-json\/wp\/v2\/types\/post"}],"author":[{"embeddable":true,"href":"https:\/\/www.acapulcopress.com\/index.php\/wp-json\/wp\/v2\/users\/2"}],"replies":[{"embeddable":true,"href":"https:\/\/www.acapulcopress.com\/index.php\/wp-json\/wp\/v2\/comments?post=1256194"}],"version-history":[{"count":0,"href":"https:\/\/www.acapulcopress.com\/index.php\/wp-json\/wp\/v2\/posts\/1256194\/revisions"}],"wp:featuredmedia":[{"embeddable":true,"href":"https:\/\/www.acapulcopress.com\/index.php\/wp-json\/"}],"wp:attachment":[{"href":"https:\/\/www.acapulcopress.com\/index.php\/wp-json\/wp\/v2\/media?parent=1256194"}],"wp:term":[{"taxonomy":"category","embeddable":true,"href":"https:\/\/www.acapulcopress.com\/index.php\/wp-json\/wp\/v2\/categories?post=1256194"},{"taxonomy":"post_tag","embeddable":true,"href":"https:\/\/www.acapulcopress.com\/index.php\/wp-json\/wp\/v2\/tags?post=1256194"}],"curies":[{"name":"wp","href":"https:\/\/api.w.org\/{rel}","templated":true}]}}